{"id":2981,"date":"2026-04-20T09:59:01","date_gmt":"2026-04-20T08:59:01","guid":{"rendered":"https:\/\/www.verdeil.ch\/cftem_nord\/?p=2981"},"modified":"2026-04-20T09:59:02","modified_gmt":"2026-04-20T08:59:02","slug":"teminutes-n25","status":"publish","type":"post","link":"https:\/\/www.verdeil.ch\/cftem_nord\/teminutes-n25\/","title":{"rendered":"TEMINUTES N\u00b025"},"content":{"rendered":"\n<figure class=\"wp-block-image size-full\"><a href=\"https:\/\/www.verdeil.ch\/cftem_nord\/wp-content\/uploads\/2026\/04\/photo-journal-25.jpg\"><img fetchpriority=\"high\" decoding=\"async\" width=\"520\" height=\"739\" src=\"https:\/\/www.verdeil.ch\/cftem_nord\/wp-content\/uploads\/2026\/04\/photo-journal-25.jpg\" alt=\"\" class=\"wp-image-2982\" srcset=\"https:\/\/www.verdeil.ch\/cftem_nord\/wp-content\/uploads\/2026\/04\/photo-journal-25.jpg 520w, https:\/\/www.verdeil.ch\/cftem_nord\/wp-content\/uploads\/2026\/04\/photo-journal-25-211x300.jpg 211w\" sizes=\"(max-width: 520px) 100vw, 520px\" \/><\/a><\/figure>\n\n\n\n<p><a href=\"https:\/\/www.verdeil.ch\/cftem_nord\/wp-content\/uploads\/2026\/04\/Journal-25v2.pdf\">https:\/\/www.verdeil.ch\/cftem_nord\/wp-content\/uploads\/2026\/04\/Journal-25v2.pdf<\/a><\/p>\n\n\n\n\n\n\n","protected":false},"excerpt":{"rendered":"<p>https:\/\/www.verdeil.ch\/cftem_nord\/wp-content\/uploads\/2026\/04\/Journal-25v2.pdf<\/p>\n","protected":false},"author":2,"featured_media":0,"comment_status":"open","ping_status":"open","sticky":false,"template":"","format":"standard","meta":{"footnotes":""},"categories":[14],"tags":[],"class_list":["post-2981","post","type-post","status-publish","format-standard","hentry","category-archives"],"yoast_head":"<!-- This site is optimized with the Yoast SEO plugin v27.4 - https:\/\/yoast.com\/product\/yoast-seo-wordpress\/ -->\n<title>TEMINUTES N\u00b025 - CF TEM Nord<\/title>\n<meta name=\"robots\" content=\"index, follow, max-snippet:-1, max-image-preview:large, max-video-preview:-1\" \/>\n<link rel=\"canonical\" href=\"https:\/\/www.verdeil.ch\/cftem_nord\/teminutes-n25\/\" \/>\n<meta property=\"og:locale\" content=\"fr_FR\" \/>\n<meta property=\"og:type\" content=\"article\" \/>\n<meta property=\"og:title\" content=\"TEMINUTES N\u00b025 - CF TEM Nord\" \/>\n<meta property=\"og:description\" content=\"https:\/\/www.verdeil.ch\/cftem_nord\/wp-content\/uploads\/2026\/04\/Journal-25v2.pdf\" \/>\n<meta property=\"og:url\" content=\"https:\/\/www.verdeil.ch\/cftem_nord\/teminutes-n25\/\" \/>\n<meta property=\"og:site_name\" content=\"CF TEM Nord\" \/>\n<meta property=\"article:published_time\" content=\"2026-04-20T08:59:01+00:00\" \/>\n<meta property=\"article:modified_time\" content=\"2026-04-20T08:59:02+00:00\" \/>\n<meta property=\"og:image\" content=\"https:\/\/www.verdeil.ch\/cftem_nord\/wp-content\/uploads\/2026\/04\/photo-journal-25.jpg\" \/>\n\t<meta property=\"og:image:width\" content=\"520\" \/>\n\t<meta property=\"og:image:height\" content=\"739\" \/>\n\t<meta property=\"og:image:type\" content=\"image\/jpeg\" \/>\n<meta name=\"author\" content=\"Antoine MORISSEAU\" \/>\n<meta name=\"twitter:card\" content=\"summary_large_image\" \/>\n<meta name=\"twitter:label1\" content=\"\u00c9crit par\" \/>\n\t<meta name=\"twitter:data1\" content=\"Antoine MORISSEAU\" \/>\n\t<meta name=\"twitter:label2\" content=\"Dur\u00e9e de lecture estim\u00e9e\" \/>\n\t<meta name=\"twitter:data2\" content=\"1 minute\" \/>\n<script type=\"application\/ld+json\" class=\"yoast-schema-graph\">{\"@context\":\"https:\\\/\\\/schema.org\",\"@graph\":[{\"@type\":\"Article\",\"@id\":\"https:\\\/\\\/www.verdeil.ch\\\/cftem_nord\\\/teminutes-n25\\\/#article\",\"isPartOf\":{\"@id\":\"https:\\\/\\\/www.verdeil.ch\\\/cftem_nord\\\/teminutes-n25\\\/\"},\"author\":{\"name\":\"Antoine MORISSEAU\",\"@id\":\"https:\\\/\\\/www.verdeil.ch\\\/cftem_nord\\\/#\\\/schema\\\/person\\\/0a05a9fce8deb61db08652b579d516c0\"},\"headline\":\"TEMINUTES N\u00b025\",\"datePublished\":\"2026-04-20T08:59:01+00:00\",\"dateModified\":\"2026-04-20T08:59:02+00:00\",\"mainEntityOfPage\":{\"@id\":\"https:\\\/\\\/www.verdeil.ch\\\/cftem_nord\\\/teminutes-n25\\\/\"},\"wordCount\":13,\"commentCount\":0,\"publisher\":{\"@id\":\"https:\\\/\\\/www.verdeil.ch\\\/cftem_nord\\\/#organization\"},\"image\":{\"@id\":\"https:\\\/\\\/www.verdeil.ch\\\/cftem_nord\\\/teminutes-n25\\\/#primaryimage\"},\"thumbnailUrl\":\"https:\\\/\\\/www.verdeil.ch\\\/cftem_nord\\\/wp-content\\\/uploads\\\/2026\\\/04\\\/photo-journal-25.jpg\",\"articleSection\":[\"Archives\"],\"inLanguage\":\"fr-FR\",\"potentialAction\":[{\"@type\":\"CommentAction\",\"name\":\"Comment\",\"target\":[\"https:\\\/\\\/www.verdeil.ch\\\/cftem_nord\\\/teminutes-n25\\\/#respond\"]}]},{\"@type\":\"WebPage\",\"@id\":\"https:\\\/\\\/www.verdeil.ch\\\/cftem_nord\\\/teminutes-n25\\\/\",\"url\":\"https:\\\/\\\/www.verdeil.ch\\\/cftem_nord\\\/teminutes-n25\\\/\",\"name\":\"TEMINUTES N\u00b025 - CF TEM Nord\",\"isPartOf\":{\"@id\":\"https:\\\/\\\/www.verdeil.ch\\\/cftem_nord\\\/#website\"},\"primaryImageOfPage\":{\"@id\":\"https:\\\/\\\/www.verdeil.ch\\\/cftem_nord\\\/teminutes-n25\\\/#primaryimage\"},\"image\":{\"@id\":\"https:\\\/\\\/www.verdeil.ch\\\/cftem_nord\\\/teminutes-n25\\\/#primaryimage\"},\"thumbnailUrl\":\"https:\\\/\\\/www.verdeil.ch\\\/cftem_nord\\\/wp-content\\\/uploads\\\/2026\\\/04\\\/photo-journal-25.jpg\",\"datePublished\":\"2026-04-20T08:59:01+00:00\",\"dateModified\":\"2026-04-20T08:59:02+00:00\",\"breadcrumb\":{\"@id\":\"https:\\\/\\\/www.verdeil.ch\\\/cftem_nord\\\/teminutes-n25\\\/#breadcrumb\"},\"inLanguage\":\"fr-FR\",\"potentialAction\":[{\"@type\":\"ReadAction\",\"target\":[\"https:\\\/\\\/www.verdeil.ch\\\/cftem_nord\\\/teminutes-n25\\\/\"]}]},{\"@type\":\"ImageObject\",\"inLanguage\":\"fr-FR\",\"@id\":\"https:\\\/\\\/www.verdeil.ch\\\/cftem_nord\\\/teminutes-n25\\\/#primaryimage\",\"url\":\"https:\\\/\\\/www.verdeil.ch\\\/cftem_nord\\\/wp-content\\\/uploads\\\/2026\\\/04\\\/photo-journal-25.jpg\",\"contentUrl\":\"https:\\\/\\\/www.verdeil.ch\\\/cftem_nord\\\/wp-content\\\/uploads\\\/2026\\\/04\\\/photo-journal-25.jpg\",\"width\":520,\"height\":739,\"caption\":\"Screenshot\"},{\"@type\":\"BreadcrumbList\",\"@id\":\"https:\\\/\\\/www.verdeil.ch\\\/cftem_nord\\\/teminutes-n25\\\/#breadcrumb\",\"itemListElement\":[{\"@type\":\"ListItem\",\"position\":1,\"name\":\"Accueil\",\"item\":\"https:\\\/\\\/www.verdeil.ch\\\/cftem_nord\\\/\"},{\"@type\":\"ListItem\",\"position\":2,\"name\":\"TEMINUTES N\u00b025\"}]},{\"@type\":\"WebSite\",\"@id\":\"https:\\\/\\\/www.verdeil.ch\\\/cftem_nord\\\/#website\",\"url\":\"https:\\\/\\\/www.verdeil.ch\\\/cftem_nord\\\/\",\"name\":\"CF TEM Nord\",\"description\":\"Fondation de Verdeil\",\"publisher\":{\"@id\":\"https:\\\/\\\/www.verdeil.ch\\\/cftem_nord\\\/#organization\"},\"potentialAction\":[{\"@type\":\"SearchAction\",\"target\":{\"@type\":\"EntryPoint\",\"urlTemplate\":\"https:\\\/\\\/www.verdeil.ch\\\/cftem_nord\\\/?s={search_term_string}\"},\"query-input\":{\"@type\":\"PropertyValueSpecification\",\"valueRequired\":true,\"valueName\":\"search_term_string\"}}],\"inLanguage\":\"fr-FR\"},{\"@type\":\"Organization\",\"@id\":\"https:\\\/\\\/www.verdeil.ch\\\/cftem_nord\\\/#organization\",\"name\":\"CFTEM nord\",\"url\":\"https:\\\/\\\/www.verdeil.ch\\\/cftem_nord\\\/\",\"logo\":{\"@type\":\"ImageObject\",\"inLanguage\":\"fr-FR\",\"@id\":\"https:\\\/\\\/www.verdeil.ch\\\/cftem_nord\\\/#\\\/schema\\\/logo\\\/image\\\/\",\"url\":\"https:\\\/\\\/www.verdeil.ch\\\/cftem_nord\\\/wp-content\\\/uploads\\\/2017\\\/11\\\/logo-cftemnord.jpg\",\"contentUrl\":\"https:\\\/\\\/www.verdeil.ch\\\/cftem_nord\\\/wp-content\\\/uploads\\\/2017\\\/11\\\/logo-cftemnord.jpg\",\"width\":106,\"height\":114,\"caption\":\"CFTEM nord\"},\"image\":{\"@id\":\"https:\\\/\\\/www.verdeil.ch\\\/cftem_nord\\\/#\\\/schema\\\/logo\\\/image\\\/\"}},{\"@type\":\"Person\",\"@id\":\"https:\\\/\\\/www.verdeil.ch\\\/cftem_nord\\\/#\\\/schema\\\/person\\\/0a05a9fce8deb61db08652b579d516c0\",\"name\":\"Antoine MORISSEAU\",\"image\":{\"@type\":\"ImageObject\",\"inLanguage\":\"fr-FR\",\"@id\":\"https:\\\/\\\/secure.gravatar.com\\\/avatar\\\/2e8740fd0d4f0745895e165fea7f7d9e44742e773f9ae4b228878fd1b5180996?s=96&d=mm&r=g\",\"url\":\"https:\\\/\\\/secure.gravatar.com\\\/avatar\\\/2e8740fd0d4f0745895e165fea7f7d9e44742e773f9ae4b228878fd1b5180996?s=96&d=mm&r=g\",\"contentUrl\":\"https:\\\/\\\/secure.gravatar.com\\\/avatar\\\/2e8740fd0d4f0745895e165fea7f7d9e44742e773f9ae4b228878fd1b5180996?s=96&d=mm&r=g\",\"caption\":\"Antoine MORISSEAU\"},\"url\":\"https:\\\/\\\/www.verdeil.ch\\\/cftem_nord\\\/author\\\/antoine-morisseau\\\/\"}]}<\/script>\n<!-- \/ Yoast SEO plugin. -->","yoast_head_json":{"title":"TEMINUTES N\u00b025 - CF TEM Nord","robots":{"index":"index","follow":"follow","max-snippet":"max-snippet:-1","max-image-preview":"max-image-preview:large","max-video-preview":"max-video-preview:-1"},"canonical":"https:\/\/www.verdeil.ch\/cftem_nord\/teminutes-n25\/","og_locale":"fr_FR","og_type":"article","og_title":"TEMINUTES N\u00b025 - CF TEM Nord","og_description":"https:\/\/www.verdeil.ch\/cftem_nord\/wp-content\/uploads\/2026\/04\/Journal-25v2.pdf","og_url":"https:\/\/www.verdeil.ch\/cftem_nord\/teminutes-n25\/","og_site_name":"CF TEM Nord","article_published_time":"2026-04-20T08:59:01+00:00","article_modified_time":"2026-04-20T08:59:02+00:00","og_image":[{"width":520,"height":739,"url":"https:\/\/www.verdeil.ch\/cftem_nord\/wp-content\/uploads\/2026\/04\/photo-journal-25.jpg","type":"image\/jpeg"}],"author":"Antoine MORISSEAU","twitter_card":"summary_large_image","twitter_misc":{"\u00c9crit par":"Antoine MORISSEAU","Dur\u00e9e de lecture estim\u00e9e":"1 minute"},"schema":{"@context":"https:\/\/schema.org","@graph":[{"@type":"Article","@id":"https:\/\/www.verdeil.ch\/cftem_nord\/teminutes-n25\/#article","isPartOf":{"@id":"https:\/\/www.verdeil.ch\/cftem_nord\/teminutes-n25\/"},"author":{"name":"Antoine MORISSEAU","@id":"https:\/\/www.verdeil.ch\/cftem_nord\/#\/schema\/person\/0a05a9fce8deb61db08652b579d516c0"},"headline":"TEMINUTES N\u00b025","datePublished":"2026-04-20T08:59:01+00:00","dateModified":"2026-04-20T08:59:02+00:00","mainEntityOfPage":{"@id":"https:\/\/www.verdeil.ch\/cftem_nord\/teminutes-n25\/"},"wordCount":13,"commentCount":0,"publisher":{"@id":"https:\/\/www.verdeil.ch\/cftem_nord\/#organization"},"image":{"@id":"https:\/\/www.verdeil.ch\/cftem_nord\/teminutes-n25\/#primaryimage"},"thumbnailUrl":"https:\/\/www.verdeil.ch\/cftem_nord\/wp-content\/uploads\/2026\/04\/photo-journal-25.jpg","articleSection":["Archives"],"inLanguage":"fr-FR","potentialAction":[{"@type":"CommentAction","name":"Comment","target":["https:\/\/www.verdeil.ch\/cftem_nord\/teminutes-n25\/#respond"]}]},{"@type":"WebPage","@id":"https:\/\/www.verdeil.ch\/cftem_nord\/teminutes-n25\/","url":"https:\/\/www.verdeil.ch\/cftem_nord\/teminutes-n25\/","name":"TEMINUTES N\u00b025 - CF TEM Nord","isPartOf":{"@id":"https:\/\/www.verdeil.ch\/cftem_nord\/#website"},"primaryImageOfPage":{"@id":"https:\/\/www.verdeil.ch\/cftem_nord\/teminutes-n25\/#primaryimage"},"image":{"@id":"https:\/\/www.verdeil.ch\/cftem_nord\/teminutes-n25\/#primaryimage"},"thumbnailUrl":"https:\/\/www.verdeil.ch\/cftem_nord\/wp-content\/uploads\/2026\/04\/photo-journal-25.jpg","datePublished":"2026-04-20T08:59:01+00:00","dateModified":"2026-04-20T08:59:02+00:00","breadcrumb":{"@id":"https:\/\/www.verdeil.ch\/cftem_nord\/teminutes-n25\/#breadcrumb"},"inLanguage":"fr-FR","potentialAction":[{"@type":"ReadAction","target":["https:\/\/www.verdeil.ch\/cftem_nord\/teminutes-n25\/"]}]},{"@type":"ImageObject","inLanguage":"fr-FR","@id":"https:\/\/www.verdeil.ch\/cftem_nord\/teminutes-n25\/#primaryimage","url":"https:\/\/www.verdeil.ch\/cftem_nord\/wp-content\/uploads\/2026\/04\/photo-journal-25.jpg","contentUrl":"https:\/\/www.verdeil.ch\/cftem_nord\/wp-content\/uploads\/2026\/04\/photo-journal-25.jpg","width":520,"height":739,"caption":"Screenshot"},{"@type":"BreadcrumbList","@id":"https:\/\/www.verdeil.ch\/cftem_nord\/teminutes-n25\/#breadcrumb","itemListElement":[{"@type":"ListItem","position":1,"name":"Accueil","item":"https:\/\/www.verdeil.ch\/cftem_nord\/"},{"@type":"ListItem","position":2,"name":"TEMINUTES N\u00b025"}]},{"@type":"WebSite","@id":"https:\/\/www.verdeil.ch\/cftem_nord\/#website","url":"https:\/\/www.verdeil.ch\/cftem_nord\/","name":"CF TEM Nord","description":"Fondation de Verdeil","publisher":{"@id":"https:\/\/www.verdeil.ch\/cftem_nord\/#organization"},"potentialAction":[{"@type":"SearchAction","target":{"@type":"EntryPoint","urlTemplate":"https:\/\/www.verdeil.ch\/cftem_nord\/?s={search_term_string}"},"query-input":{"@type":"PropertyValueSpecification","valueRequired":true,"valueName":"search_term_string"}}],"inLanguage":"fr-FR"},{"@type":"Organization","@id":"https:\/\/www.verdeil.ch\/cftem_nord\/#organization","name":"CFTEM nord","url":"https:\/\/www.verdeil.ch\/cftem_nord\/","logo":{"@type":"ImageObject","inLanguage":"fr-FR","@id":"https:\/\/www.verdeil.ch\/cftem_nord\/#\/schema\/logo\/image\/","url":"https:\/\/www.verdeil.ch\/cftem_nord\/wp-content\/uploads\/2017\/11\/logo-cftemnord.jpg","contentUrl":"https:\/\/www.verdeil.ch\/cftem_nord\/wp-content\/uploads\/2017\/11\/logo-cftemnord.jpg","width":106,"height":114,"caption":"CFTEM nord"},"image":{"@id":"https:\/\/www.verdeil.ch\/cftem_nord\/#\/schema\/logo\/image\/"}},{"@type":"Person","@id":"https:\/\/www.verdeil.ch\/cftem_nord\/#\/schema\/person\/0a05a9fce8deb61db08652b579d516c0","name":"Antoine MORISSEAU","image":{"@type":"ImageObject","inLanguage":"fr-FR","@id":"https:\/\/secure.gravatar.com\/avatar\/2e8740fd0d4f0745895e165fea7f7d9e44742e773f9ae4b228878fd1b5180996?s=96&d=mm&r=g","url":"https:\/\/secure.gravatar.com\/avatar\/2e8740fd0d4f0745895e165fea7f7d9e44742e773f9ae4b228878fd1b5180996?s=96&d=mm&r=g","contentUrl":"https:\/\/secure.gravatar.com\/avatar\/2e8740fd0d4f0745895e165fea7f7d9e44742e773f9ae4b228878fd1b5180996?s=96&d=mm&r=g","caption":"Antoine MORISSEAU"},"url":"https:\/\/www.verdeil.ch\/cftem_nord\/author\/antoine-morisseau\/"}]}},"_links":{"self":[{"href":"https:\/\/www.verdeil.ch\/cftem_nord\/wp-json\/wp\/v2\/posts\/2981","targetHints":{"allow":["GET"]}}],"collection":[{"href":"https:\/\/www.verdeil.ch\/cftem_nord\/wp-json\/wp\/v2\/posts"}],"about":[{"href":"https:\/\/www.verdeil.ch\/cftem_nord\/wp-json\/wp\/v2\/types\/post"}],"author":[{"embeddable":true,"href":"https:\/\/www.verdeil.ch\/cftem_nord\/wp-json\/wp\/v2\/users\/2"}],"replies":[{"embeddable":true,"href":"https:\/\/www.verdeil.ch\/cftem_nord\/wp-json\/wp\/v2\/comments?post=2981"}],"version-history":[{"count":1,"href":"https:\/\/www.verdeil.ch\/cftem_nord\/wp-json\/wp\/v2\/posts\/2981\/revisions"}],"predecessor-version":[{"id":2985,"href":"https:\/\/www.verdeil.ch\/cftem_nord\/wp-json\/wp\/v2\/posts\/2981\/revisions\/2985"}],"wp:attachment":[{"href":"https:\/\/www.verdeil.ch\/cftem_nord\/wp-json\/wp\/v2\/media?parent=2981"}],"wp:term":[{"taxonomy":"category","embeddable":true,"href":"https:\/\/www.verdeil.ch\/cftem_nord\/wp-json\/wp\/v2\/categories?post=2981"},{"taxonomy":"post_tag","embeddable":true,"href":"https:\/\/www.verdeil.ch\/cftem_nord\/wp-json\/wp\/v2\/tags?post=2981"}],"curies":[{"name":"wp","href":"https:\/\/api.w.org\/{rel}","templated":true}]}}