{"id":270,"date":"2018-04-17T10:28:18","date_gmt":"2018-04-17T09:28:18","guid":{"rendered":"http:\/\/www.verdeil.ch\/cftem_nord\/?p=270"},"modified":"2018-04-17T10:43:57","modified_gmt":"2018-04-17T09:43:57","slug":"teminutes-deuxieme-edition","status":"publish","type":"post","link":"https:\/\/www.verdeil.ch\/cftem_nord\/teminutes-deuxieme-edition\/","title":{"rendered":"TEMinutes deuxi\u00e8me \u00e9dition"},"content":{"rendered":"<p><a href=\"http:\/\/www.verdeil.ch\/cftem_nord\/wp-content\/uploads\/2018\/04\/journal-2.pdf\">Teminutes num\u00e9ro 2<\/a><\/p>\n<p><img fetchpriority=\"high\" decoding=\"async\" class=\"aligncenter size-medium wp-image-275\" src=\"http:\/\/www.verdeil.ch\/cftem_nord\/wp-content\/uploads\/2018\/04\/la-une-2-199x300.jpg\" alt=\"\" width=\"199\" height=\"300\" srcset=\"https:\/\/www.verdeil.ch\/cftem_nord\/wp-content\/uploads\/2018\/04\/la-une-2-199x300.jpg 199w, https:\/\/www.verdeil.ch\/cftem_nord\/wp-content\/uploads\/2018\/04\/la-une-2.jpg 646w\" sizes=\"(max-width: 199px) 100vw, 199px\" \/><\/p>\n","protected":false},"excerpt":{"rendered":"<p>Teminutes num\u00e9ro 2<\/p>\n","protected":false},"author":18,"featured_media":0,"comment_status":"open","ping_status":"open","sticky":false,"template":"","format":"standard","meta":{"footnotes":""},"categories":[14],"tags":[],"class_list":["post-270","post","type-post","status-publish","format-standard","hentry","category-archives"],"yoast_head":"<!-- This site is optimized with the Yoast SEO plugin v27.5 - https:\/\/yoast.com\/product\/yoast-seo-wordpress\/ -->\n<title>TEMinutes deuxi\u00e8me \u00e9dition - CF TEM Nord<\/title>\n<meta name=\"robots\" content=\"index, follow, max-snippet:-1, max-image-preview:large, max-video-preview:-1\" \/>\n<link rel=\"canonical\" href=\"https:\/\/www.verdeil.ch\/cftem_nord\/teminutes-deuxieme-edition\/\" \/>\n<meta property=\"og:locale\" content=\"fr_FR\" \/>\n<meta property=\"og:type\" content=\"article\" \/>\n<meta property=\"og:title\" content=\"TEMinutes deuxi\u00e8me \u00e9dition - CF TEM Nord\" \/>\n<meta property=\"og:description\" content=\"Teminutes num\u00e9ro 2\" \/>\n<meta property=\"og:url\" content=\"https:\/\/www.verdeil.ch\/cftem_nord\/teminutes-deuxieme-edition\/\" \/>\n<meta property=\"og:site_name\" content=\"CF TEM Nord\" \/>\n<meta property=\"article:published_time\" content=\"2018-04-17T09:28:18+00:00\" \/>\n<meta property=\"article:modified_time\" content=\"2018-04-17T09:43:57+00:00\" \/>\n<meta property=\"og:image\" content=\"http:\/\/www.verdeil.ch\/cftem_nord\/wp-content\/uploads\/2018\/04\/la-une-2-199x300.jpg\" \/>\n<meta name=\"author\" content=\"Fondation de Verdeil\" \/>\n<meta name=\"twitter:card\" content=\"summary_large_image\" \/>\n<meta name=\"twitter:label1\" content=\"\u00c9crit par\" \/>\n\t<meta name=\"twitter:data1\" content=\"Fondation de Verdeil\" \/>\n<script type=\"application\/ld+json\" class=\"yoast-schema-graph\">{\"@context\":\"https:\\\/\\\/schema.org\",\"@graph\":[{\"@type\":\"Article\",\"@id\":\"https:\\\/\\\/www.verdeil.ch\\\/cftem_nord\\\/teminutes-deuxieme-edition\\\/#article\",\"isPartOf\":{\"@id\":\"https:\\\/\\\/www.verdeil.ch\\\/cftem_nord\\\/teminutes-deuxieme-edition\\\/\"},\"author\":{\"name\":\"Fondation de Verdeil\",\"@id\":\"https:\\\/\\\/www.verdeil.ch\\\/cftem_nord\\\/#\\\/schema\\\/person\\\/0a15d26a3c68a7ce3ad4caf3beb070ec\"},\"headline\":\"TEMinutes deuxi\u00e8me \u00e9dition\",\"datePublished\":\"2018-04-17T09:28:18+00:00\",\"dateModified\":\"2018-04-17T09:43:57+00:00\",\"mainEntityOfPage\":{\"@id\":\"https:\\\/\\\/www.verdeil.ch\\\/cftem_nord\\\/teminutes-deuxieme-edition\\\/\"},\"wordCount\":7,\"commentCount\":0,\"publisher\":{\"@id\":\"https:\\\/\\\/www.verdeil.ch\\\/cftem_nord\\\/#organization\"},\"image\":{\"@id\":\"https:\\\/\\\/www.verdeil.ch\\\/cftem_nord\\\/teminutes-deuxieme-edition\\\/#primaryimage\"},\"thumbnailUrl\":\"http:\\\/\\\/www.verdeil.ch\\\/cftem_nord\\\/wp-content\\\/uploads\\\/2018\\\/04\\\/la-une-2-199x300.jpg\",\"articleSection\":[\"Archives\"],\"inLanguage\":\"fr-FR\",\"potentialAction\":[{\"@type\":\"CommentAction\",\"name\":\"Comment\",\"target\":[\"https:\\\/\\\/www.verdeil.ch\\\/cftem_nord\\\/teminutes-deuxieme-edition\\\/#respond\"]}]},{\"@type\":\"WebPage\",\"@id\":\"https:\\\/\\\/www.verdeil.ch\\\/cftem_nord\\\/teminutes-deuxieme-edition\\\/\",\"url\":\"https:\\\/\\\/www.verdeil.ch\\\/cftem_nord\\\/teminutes-deuxieme-edition\\\/\",\"name\":\"TEMinutes deuxi\u00e8me \u00e9dition - CF TEM Nord\",\"isPartOf\":{\"@id\":\"https:\\\/\\\/www.verdeil.ch\\\/cftem_nord\\\/#website\"},\"primaryImageOfPage\":{\"@id\":\"https:\\\/\\\/www.verdeil.ch\\\/cftem_nord\\\/teminutes-deuxieme-edition\\\/#primaryimage\"},\"image\":{\"@id\":\"https:\\\/\\\/www.verdeil.ch\\\/cftem_nord\\\/teminutes-deuxieme-edition\\\/#primaryimage\"},\"thumbnailUrl\":\"http:\\\/\\\/www.verdeil.ch\\\/cftem_nord\\\/wp-content\\\/uploads\\\/2018\\\/04\\\/la-une-2-199x300.jpg\",\"datePublished\":\"2018-04-17T09:28:18+00:00\",\"dateModified\":\"2018-04-17T09:43:57+00:00\",\"breadcrumb\":{\"@id\":\"https:\\\/\\\/www.verdeil.ch\\\/cftem_nord\\\/teminutes-deuxieme-edition\\\/#breadcrumb\"},\"inLanguage\":\"fr-FR\",\"potentialAction\":[{\"@type\":\"ReadAction\",\"target\":[\"https:\\\/\\\/www.verdeil.ch\\\/cftem_nord\\\/teminutes-deuxieme-edition\\\/\"]}]},{\"@type\":\"ImageObject\",\"inLanguage\":\"fr-FR\",\"@id\":\"https:\\\/\\\/www.verdeil.ch\\\/cftem_nord\\\/teminutes-deuxieme-edition\\\/#primaryimage\",\"url\":\"http:\\\/\\\/www.verdeil.ch\\\/cftem_nord\\\/wp-content\\\/uploads\\\/2018\\\/04\\\/la-une-2-199x300.jpg\",\"contentUrl\":\"http:\\\/\\\/www.verdeil.ch\\\/cftem_nord\\\/wp-content\\\/uploads\\\/2018\\\/04\\\/la-une-2-199x300.jpg\"},{\"@type\":\"BreadcrumbList\",\"@id\":\"https:\\\/\\\/www.verdeil.ch\\\/cftem_nord\\\/teminutes-deuxieme-edition\\\/#breadcrumb\",\"itemListElement\":[{\"@type\":\"ListItem\",\"position\":1,\"name\":\"Accueil\",\"item\":\"https:\\\/\\\/www.verdeil.ch\\\/cftem_nord\\\/\"},{\"@type\":\"ListItem\",\"position\":2,\"name\":\"TEMinutes deuxi\u00e8me \u00e9dition\"}]},{\"@type\":\"WebSite\",\"@id\":\"https:\\\/\\\/www.verdeil.ch\\\/cftem_nord\\\/#website\",\"url\":\"https:\\\/\\\/www.verdeil.ch\\\/cftem_nord\\\/\",\"name\":\"CF TEM Nord\",\"description\":\"Fondation de Verdeil\",\"publisher\":{\"@id\":\"https:\\\/\\\/www.verdeil.ch\\\/cftem_nord\\\/#organization\"},\"potentialAction\":[{\"@type\":\"SearchAction\",\"target\":{\"@type\":\"EntryPoint\",\"urlTemplate\":\"https:\\\/\\\/www.verdeil.ch\\\/cftem_nord\\\/?s={search_term_string}\"},\"query-input\":{\"@type\":\"PropertyValueSpecification\",\"valueRequired\":true,\"valueName\":\"search_term_string\"}}],\"inLanguage\":\"fr-FR\"},{\"@type\":\"Organization\",\"@id\":\"https:\\\/\\\/www.verdeil.ch\\\/cftem_nord\\\/#organization\",\"name\":\"CFTEM nord\",\"url\":\"https:\\\/\\\/www.verdeil.ch\\\/cftem_nord\\\/\",\"logo\":{\"@type\":\"ImageObject\",\"inLanguage\":\"fr-FR\",\"@id\":\"https:\\\/\\\/www.verdeil.ch\\\/cftem_nord\\\/#\\\/schema\\\/logo\\\/image\\\/\",\"url\":\"https:\\\/\\\/www.verdeil.ch\\\/cftem_nord\\\/wp-content\\\/uploads\\\/2017\\\/11\\\/logo-cftemnord.jpg\",\"contentUrl\":\"https:\\\/\\\/www.verdeil.ch\\\/cftem_nord\\\/wp-content\\\/uploads\\\/2017\\\/11\\\/logo-cftemnord.jpg\",\"width\":106,\"height\":114,\"caption\":\"CFTEM nord\"},\"image\":{\"@id\":\"https:\\\/\\\/www.verdeil.ch\\\/cftem_nord\\\/#\\\/schema\\\/logo\\\/image\\\/\"}},{\"@type\":\"Person\",\"@id\":\"https:\\\/\\\/www.verdeil.ch\\\/cftem_nord\\\/#\\\/schema\\\/person\\\/0a15d26a3c68a7ce3ad4caf3beb070ec\",\"name\":\"Fondation de Verdeil\",\"image\":{\"@type\":\"ImageObject\",\"inLanguage\":\"fr-FR\",\"@id\":\"https:\\\/\\\/secure.gravatar.com\\\/avatar\\\/8edc8b694fda7f90c2d96d3716852c2fcbb5cd3241bd2b94a3c6d3b1f82a1d23?s=96&d=mm&r=g\",\"url\":\"https:\\\/\\\/secure.gravatar.com\\\/avatar\\\/8edc8b694fda7f90c2d96d3716852c2fcbb5cd3241bd2b94a3c6d3b1f82a1d23?s=96&d=mm&r=g\",\"contentUrl\":\"https:\\\/\\\/secure.gravatar.com\\\/avatar\\\/8edc8b694fda7f90c2d96d3716852c2fcbb5cd3241bd2b94a3c6d3b1f82a1d23?s=96&d=mm&r=g\",\"caption\":\"Fondation de Verdeil\"},\"url\":\"https:\\\/\\\/www.verdeil.ch\\\/cftem_nord\\\/author\\\/admin-cftemnord\\\/\"}]}<\/script>\n<!-- \/ Yoast SEO plugin. -->","yoast_head_json":{"title":"TEMinutes deuxi\u00e8me \u00e9dition - CF TEM Nord","robots":{"index":"index","follow":"follow","max-snippet":"max-snippet:-1","max-image-preview":"max-image-preview:large","max-video-preview":"max-video-preview:-1"},"canonical":"https:\/\/www.verdeil.ch\/cftem_nord\/teminutes-deuxieme-edition\/","og_locale":"fr_FR","og_type":"article","og_title":"TEMinutes deuxi\u00e8me \u00e9dition - CF TEM Nord","og_description":"Teminutes num\u00e9ro 2","og_url":"https:\/\/www.verdeil.ch\/cftem_nord\/teminutes-deuxieme-edition\/","og_site_name":"CF TEM Nord","article_published_time":"2018-04-17T09:28:18+00:00","article_modified_time":"2018-04-17T09:43:57+00:00","og_image":[{"url":"http:\/\/www.verdeil.ch\/cftem_nord\/wp-content\/uploads\/2018\/04\/la-une-2-199x300.jpg","type":"","width":"","height":""}],"author":"Fondation de Verdeil","twitter_card":"summary_large_image","twitter_misc":{"\u00c9crit par":"Fondation de Verdeil"},"schema":{"@context":"https:\/\/schema.org","@graph":[{"@type":"Article","@id":"https:\/\/www.verdeil.ch\/cftem_nord\/teminutes-deuxieme-edition\/#article","isPartOf":{"@id":"https:\/\/www.verdeil.ch\/cftem_nord\/teminutes-deuxieme-edition\/"},"author":{"name":"Fondation de Verdeil","@id":"https:\/\/www.verdeil.ch\/cftem_nord\/#\/schema\/person\/0a15d26a3c68a7ce3ad4caf3beb070ec"},"headline":"TEMinutes deuxi\u00e8me \u00e9dition","datePublished":"2018-04-17T09:28:18+00:00","dateModified":"2018-04-17T09:43:57+00:00","mainEntityOfPage":{"@id":"https:\/\/www.verdeil.ch\/cftem_nord\/teminutes-deuxieme-edition\/"},"wordCount":7,"commentCount":0,"publisher":{"@id":"https:\/\/www.verdeil.ch\/cftem_nord\/#organization"},"image":{"@id":"https:\/\/www.verdeil.ch\/cftem_nord\/teminutes-deuxieme-edition\/#primaryimage"},"thumbnailUrl":"http:\/\/www.verdeil.ch\/cftem_nord\/wp-content\/uploads\/2018\/04\/la-une-2-199x300.jpg","articleSection":["Archives"],"inLanguage":"fr-FR","potentialAction":[{"@type":"CommentAction","name":"Comment","target":["https:\/\/www.verdeil.ch\/cftem_nord\/teminutes-deuxieme-edition\/#respond"]}]},{"@type":"WebPage","@id":"https:\/\/www.verdeil.ch\/cftem_nord\/teminutes-deuxieme-edition\/","url":"https:\/\/www.verdeil.ch\/cftem_nord\/teminutes-deuxieme-edition\/","name":"TEMinutes deuxi\u00e8me \u00e9dition - CF TEM Nord","isPartOf":{"@id":"https:\/\/www.verdeil.ch\/cftem_nord\/#website"},"primaryImageOfPage":{"@id":"https:\/\/www.verdeil.ch\/cftem_nord\/teminutes-deuxieme-edition\/#primaryimage"},"image":{"@id":"https:\/\/www.verdeil.ch\/cftem_nord\/teminutes-deuxieme-edition\/#primaryimage"},"thumbnailUrl":"http:\/\/www.verdeil.ch\/cftem_nord\/wp-content\/uploads\/2018\/04\/la-une-2-199x300.jpg","datePublished":"2018-04-17T09:28:18+00:00","dateModified":"2018-04-17T09:43:57+00:00","breadcrumb":{"@id":"https:\/\/www.verdeil.ch\/cftem_nord\/teminutes-deuxieme-edition\/#breadcrumb"},"inLanguage":"fr-FR","potentialAction":[{"@type":"ReadAction","target":["https:\/\/www.verdeil.ch\/cftem_nord\/teminutes-deuxieme-edition\/"]}]},{"@type":"ImageObject","inLanguage":"fr-FR","@id":"https:\/\/www.verdeil.ch\/cftem_nord\/teminutes-deuxieme-edition\/#primaryimage","url":"http:\/\/www.verdeil.ch\/cftem_nord\/wp-content\/uploads\/2018\/04\/la-une-2-199x300.jpg","contentUrl":"http:\/\/www.verdeil.ch\/cftem_nord\/wp-content\/uploads\/2018\/04\/la-une-2-199x300.jpg"},{"@type":"BreadcrumbList","@id":"https:\/\/www.verdeil.ch\/cftem_nord\/teminutes-deuxieme-edition\/#breadcrumb","itemListElement":[{"@type":"ListItem","position":1,"name":"Accueil","item":"https:\/\/www.verdeil.ch\/cftem_nord\/"},{"@type":"ListItem","position":2,"name":"TEMinutes deuxi\u00e8me \u00e9dition"}]},{"@type":"WebSite","@id":"https:\/\/www.verdeil.ch\/cftem_nord\/#website","url":"https:\/\/www.verdeil.ch\/cftem_nord\/","name":"CF TEM Nord","description":"Fondation de Verdeil","publisher":{"@id":"https:\/\/www.verdeil.ch\/cftem_nord\/#organization"},"potentialAction":[{"@type":"SearchAction","target":{"@type":"EntryPoint","urlTemplate":"https:\/\/www.verdeil.ch\/cftem_nord\/?s={search_term_string}"},"query-input":{"@type":"PropertyValueSpecification","valueRequired":true,"valueName":"search_term_string"}}],"inLanguage":"fr-FR"},{"@type":"Organization","@id":"https:\/\/www.verdeil.ch\/cftem_nord\/#organization","name":"CFTEM nord","url":"https:\/\/www.verdeil.ch\/cftem_nord\/","logo":{"@type":"ImageObject","inLanguage":"fr-FR","@id":"https:\/\/www.verdeil.ch\/cftem_nord\/#\/schema\/logo\/image\/","url":"https:\/\/www.verdeil.ch\/cftem_nord\/wp-content\/uploads\/2017\/11\/logo-cftemnord.jpg","contentUrl":"https:\/\/www.verdeil.ch\/cftem_nord\/wp-content\/uploads\/2017\/11\/logo-cftemnord.jpg","width":106,"height":114,"caption":"CFTEM nord"},"image":{"@id":"https:\/\/www.verdeil.ch\/cftem_nord\/#\/schema\/logo\/image\/"}},{"@type":"Person","@id":"https:\/\/www.verdeil.ch\/cftem_nord\/#\/schema\/person\/0a15d26a3c68a7ce3ad4caf3beb070ec","name":"Fondation de Verdeil","image":{"@type":"ImageObject","inLanguage":"fr-FR","@id":"https:\/\/secure.gravatar.com\/avatar\/8edc8b694fda7f90c2d96d3716852c2fcbb5cd3241bd2b94a3c6d3b1f82a1d23?s=96&d=mm&r=g","url":"https:\/\/secure.gravatar.com\/avatar\/8edc8b694fda7f90c2d96d3716852c2fcbb5cd3241bd2b94a3c6d3b1f82a1d23?s=96&d=mm&r=g","contentUrl":"https:\/\/secure.gravatar.com\/avatar\/8edc8b694fda7f90c2d96d3716852c2fcbb5cd3241bd2b94a3c6d3b1f82a1d23?s=96&d=mm&r=g","caption":"Fondation de Verdeil"},"url":"https:\/\/www.verdeil.ch\/cftem_nord\/author\/admin-cftemnord\/"}]}},"_links":{"self":[{"href":"https:\/\/www.verdeil.ch\/cftem_nord\/wp-json\/wp\/v2\/posts\/270","targetHints":{"allow":["GET"]}}],"collection":[{"href":"https:\/\/www.verdeil.ch\/cftem_nord\/wp-json\/wp\/v2\/posts"}],"about":[{"href":"https:\/\/www.verdeil.ch\/cftem_nord\/wp-json\/wp\/v2\/types\/post"}],"author":[{"embeddable":true,"href":"https:\/\/www.verdeil.ch\/cftem_nord\/wp-json\/wp\/v2\/users\/18"}],"replies":[{"embeddable":true,"href":"https:\/\/www.verdeil.ch\/cftem_nord\/wp-json\/wp\/v2\/comments?post=270"}],"version-history":[{"count":4,"href":"https:\/\/www.verdeil.ch\/cftem_nord\/wp-json\/wp\/v2\/posts\/270\/revisions"}],"predecessor-version":[{"id":277,"href":"https:\/\/www.verdeil.ch\/cftem_nord\/wp-json\/wp\/v2\/posts\/270\/revisions\/277"}],"wp:attachment":[{"href":"https:\/\/www.verdeil.ch\/cftem_nord\/wp-json\/wp\/v2\/media?parent=270"}],"wp:term":[{"taxonomy":"category","embeddable":true,"href":"https:\/\/www.verdeil.ch\/cftem_nord\/wp-json\/wp\/v2\/categories?post=270"},{"taxonomy":"post_tag","embeddable":true,"href":"https:\/\/www.verdeil.ch\/cftem_nord\/wp-json\/wp\/v2\/tags?post=270"}],"curies":[{"name":"wp","href":"https:\/\/api.w.org\/{rel}","templated":true}]}}