{"id":1255,"date":"2020-02-26T10:17:06","date_gmt":"2020-02-26T09:17:06","guid":{"rendered":"https:\/\/www.verdeil.ch\/cftem_nord\/?p=1255"},"modified":"2020-02-26T10:17:07","modified_gmt":"2020-02-26T09:17:07","slug":"musee-de-la-main","status":"publish","type":"post","link":"https:\/\/www.verdeil.ch\/cftem_nord\/musee-de-la-main\/","title":{"rendered":"MUSEE DE LA MAIN"},"content":{"rendered":"\n<p><span style=\"font-size: large;\">Le mardi 4 f\u00e9vrier, nous sommes all\u00e9s au Mus\u00e9e de la main \u00e0 Lausanne.<\/span><\/p>\n<p><span style=\"font-size: large;\">L&rsquo;expos\u00e9 \u00e9tait sur le th\u00e8me de l&rsquo;odorat !!<\/span><span style=\"font-size: large;\"><a href=\"https:\/\/www.verdeil.ch\/cftem_nord\/wp-content\/uploads\/2020\/02\/IMG-20200207-WA0000.jpg\"><img fetchpriority=\"high\" decoding=\"async\" class=\"size-medium wp-image-1256 aligncenter\" src=\"https:\/\/www.verdeil.ch\/cftem_nord\/wp-content\/uploads\/2020\/02\/IMG-20200207-WA0000-169x300.jpg\" alt=\"\" width=\"169\" height=\"300\" srcset=\"https:\/\/www.verdeil.ch\/cftem_nord\/wp-content\/uploads\/2020\/02\/IMG-20200207-WA0000-169x300.jpg 169w, https:\/\/www.verdeil.ch\/cftem_nord\/wp-content\/uploads\/2020\/02\/IMG-20200207-WA0000-576x1024.jpg 576w, https:\/\/www.verdeil.ch\/cftem_nord\/wp-content\/uploads\/2020\/02\/IMG-20200207-WA0000-768x1365.jpg 768w, https:\/\/www.verdeil.ch\/cftem_nord\/wp-content\/uploads\/2020\/02\/IMG-20200207-WA0000-864x1536.jpg 864w, https:\/\/www.verdeil.ch\/cftem_nord\/wp-content\/uploads\/2020\/02\/IMG-20200207-WA0000.jpg 1152w\" sizes=\"(max-width: 169px) 100vw, 169px\" \/><\/a><\/span><span style=\"font-size: large;\">Dans cette exp\u00e9rience, nous avons go\u00fbt\u00e9 des bonbons en nous pin\u00e7ant le nez. Le bonbon n&rsquo;avait plus de go\u00fbt !<\/span><\/p>\n<p><span style=\"font-size: large;\"><a href=\"https:\/\/www.verdeil.ch\/cftem_nord\/wp-content\/uploads\/2020\/02\/IMG-20200207-WA0007.jpg\"><img decoding=\"async\" class=\"alignnone size-medium wp-image-1257\" src=\"https:\/\/www.verdeil.ch\/cftem_nord\/wp-content\/uploads\/2020\/02\/IMG-20200207-WA0007-169x300.jpg\" alt=\"\" width=\"169\" height=\"300\" srcset=\"https:\/\/www.verdeil.ch\/cftem_nord\/wp-content\/uploads\/2020\/02\/IMG-20200207-WA0007-169x300.jpg 169w, https:\/\/www.verdeil.ch\/cftem_nord\/wp-content\/uploads\/2020\/02\/IMG-20200207-WA0007-576x1024.jpg 576w, https:\/\/www.verdeil.ch\/cftem_nord\/wp-content\/uploads\/2020\/02\/IMG-20200207-WA0007-768x1365.jpg 768w, https:\/\/www.verdeil.ch\/cftem_nord\/wp-content\/uploads\/2020\/02\/IMG-20200207-WA0007-864x1536.jpg 864w, https:\/\/www.verdeil.ch\/cftem_nord\/wp-content\/uploads\/2020\/02\/IMG-20200207-WA0007.jpg 1152w\" sizes=\"(max-width: 169px) 100vw, 169px\" \/><\/a><\/span><\/p>\n<p><span style=\"font-size: large;\">Nous avons pu changer notre nez\u00a0!<\/span><\/p>\n<p><span style=\"font-size: large;\"><a href=\"https:\/\/www.verdeil.ch\/cftem_nord\/wp-content\/uploads\/2020\/02\/IMG-20200207-WA0005.jpg\"><img decoding=\"async\" class=\"alignnone size-medium wp-image-1258\" src=\"https:\/\/www.verdeil.ch\/cftem_nord\/wp-content\/uploads\/2020\/02\/IMG-20200207-WA0005-169x300.jpg\" alt=\"\" width=\"169\" height=\"300\" srcset=\"https:\/\/www.verdeil.ch\/cftem_nord\/wp-content\/uploads\/2020\/02\/IMG-20200207-WA0005-169x300.jpg 169w, https:\/\/www.verdeil.ch\/cftem_nord\/wp-content\/uploads\/2020\/02\/IMG-20200207-WA0005-576x1024.jpg 576w, https:\/\/www.verdeil.ch\/cftem_nord\/wp-content\/uploads\/2020\/02\/IMG-20200207-WA0005-768x1365.jpg 768w, https:\/\/www.verdeil.ch\/cftem_nord\/wp-content\/uploads\/2020\/02\/IMG-20200207-WA0005-864x1536.jpg 864w, https:\/\/www.verdeil.ch\/cftem_nord\/wp-content\/uploads\/2020\/02\/IMG-20200207-WA0005.jpg 1152w\" sizes=\"(max-width: 169px) 100vw, 169px\" \/><\/a><a href=\"https:\/\/www.verdeil.ch\/cftem_nord\/wp-content\/uploads\/2020\/02\/IMG-20200207-WA0004.jpg\"><img loading=\"lazy\" decoding=\"async\" class=\"wp-image-1259 size-medium alignleft\" src=\"https:\/\/www.verdeil.ch\/cftem_nord\/wp-content\/uploads\/2020\/02\/IMG-20200207-WA0004-169x300.jpg\" alt=\"\" width=\"169\" height=\"300\" srcset=\"https:\/\/www.verdeil.ch\/cftem_nord\/wp-content\/uploads\/2020\/02\/IMG-20200207-WA0004-169x300.jpg 169w, https:\/\/www.verdeil.ch\/cftem_nord\/wp-content\/uploads\/2020\/02\/IMG-20200207-WA0004-576x1024.jpg 576w, https:\/\/www.verdeil.ch\/cftem_nord\/wp-content\/uploads\/2020\/02\/IMG-20200207-WA0004-768x1365.jpg 768w, https:\/\/www.verdeil.ch\/cftem_nord\/wp-content\/uploads\/2020\/02\/IMG-20200207-WA0004-864x1536.jpg 864w, https:\/\/www.verdeil.ch\/cftem_nord\/wp-content\/uploads\/2020\/02\/IMG-20200207-WA0004.jpg 1152w\" sizes=\"(max-width: 169px) 100vw, 169px\" \/><\/a><\/span><\/p>\n<p><span style=\"font-size: large;\">Natalia a choisi le nez de cochon. Shad et Arbi ont choisi un nez avec une moustache.<\/span><\/p>\n<p><span style=\"font-size: large;\">C&rsquo;\u00e9tait vraiment sympa!<\/span><\/p>\n","protected":false},"excerpt":{"rendered":"<p>Le mardi 4 f\u00e9vrier, nous sommes all\u00e9s au Mus\u00e9e de la main \u00e0 Lausanne. L&rsquo;expos\u00e9 \u00e9tait sur le th\u00e8me de l&rsquo;odorat !!Dans cette exp\u00e9rience, nous &hellip;<\/p>\n","protected":false},"author":15,"featured_media":0,"comment_status":"open","ping_status":"open","sticky":false,"template":"","format":"standard","meta":{"footnotes":""},"categories":[14],"tags":[],"class_list":["post-1255","post","type-post","status-publish","format-standard","hentry","category-archives"],"yoast_head":"<!-- This site is optimized with the Yoast SEO plugin v27.5 - https:\/\/yoast.com\/product\/yoast-seo-wordpress\/ -->\n<title>MUSEE DE LA MAIN - CF TEM Nord<\/title>\n<meta name=\"robots\" content=\"index, follow, max-snippet:-1, max-image-preview:large, max-video-preview:-1\" \/>\n<link rel=\"canonical\" href=\"https:\/\/www.verdeil.ch\/cftem_nord\/musee-de-la-main\/\" \/>\n<meta property=\"og:locale\" content=\"fr_FR\" \/>\n<meta property=\"og:type\" content=\"article\" \/>\n<meta property=\"og:title\" content=\"MUSEE DE LA MAIN - CF TEM Nord\" \/>\n<meta property=\"og:description\" content=\"Le mardi 4 f\u00e9vrier, nous sommes all\u00e9s au Mus\u00e9e de la main \u00e0 Lausanne. L&rsquo;expos\u00e9 \u00e9tait sur le th\u00e8me de l&rsquo;odorat !!Dans cette exp\u00e9rience, nous &hellip;\" \/>\n<meta property=\"og:url\" content=\"https:\/\/www.verdeil.ch\/cftem_nord\/musee-de-la-main\/\" \/>\n<meta property=\"og:site_name\" content=\"CF TEM Nord\" \/>\n<meta property=\"article:published_time\" content=\"2020-02-26T09:17:06+00:00\" \/>\n<meta property=\"article:modified_time\" content=\"2020-02-26T09:17:07+00:00\" \/>\n<meta property=\"og:image\" content=\"https:\/\/www.verdeil.ch\/cftem_nord\/wp-content\/uploads\/2020\/02\/IMG-20200207-WA0000-169x300.jpg\" \/>\n<meta name=\"author\" content=\"Sheila Camacho\" \/>\n<meta name=\"twitter:card\" content=\"summary_large_image\" \/>\n<meta name=\"twitter:label1\" content=\"\u00c9crit par\" \/>\n\t<meta name=\"twitter:data1\" content=\"Sheila Camacho\" \/>\n<script type=\"application\/ld+json\" class=\"yoast-schema-graph\">{\"@context\":\"https:\\\/\\\/schema.org\",\"@graph\":[{\"@type\":\"Article\",\"@id\":\"https:\\\/\\\/www.verdeil.ch\\\/cftem_nord\\\/musee-de-la-main\\\/#article\",\"isPartOf\":{\"@id\":\"https:\\\/\\\/www.verdeil.ch\\\/cftem_nord\\\/musee-de-la-main\\\/\"},\"author\":{\"name\":\"Sheila Camacho\",\"@id\":\"https:\\\/\\\/www.verdeil.ch\\\/cftem_nord\\\/#\\\/schema\\\/person\\\/79aeafe1a330719b07a74380c02e279b\"},\"headline\":\"MUSEE DE LA MAIN\",\"datePublished\":\"2020-02-26T09:17:06+00:00\",\"dateModified\":\"2020-02-26T09:17:07+00:00\",\"mainEntityOfPage\":{\"@id\":\"https:\\\/\\\/www.verdeil.ch\\\/cftem_nord\\\/musee-de-la-main\\\/\"},\"wordCount\":80,\"commentCount\":0,\"publisher\":{\"@id\":\"https:\\\/\\\/www.verdeil.ch\\\/cftem_nord\\\/#organization\"},\"image\":{\"@id\":\"https:\\\/\\\/www.verdeil.ch\\\/cftem_nord\\\/musee-de-la-main\\\/#primaryimage\"},\"thumbnailUrl\":\"https:\\\/\\\/www.verdeil.ch\\\/cftem_nord\\\/wp-content\\\/uploads\\\/2020\\\/02\\\/IMG-20200207-WA0000-169x300.jpg\",\"articleSection\":[\"Archives\"],\"inLanguage\":\"fr-FR\",\"potentialAction\":[{\"@type\":\"CommentAction\",\"name\":\"Comment\",\"target\":[\"https:\\\/\\\/www.verdeil.ch\\\/cftem_nord\\\/musee-de-la-main\\\/#respond\"]}]},{\"@type\":\"WebPage\",\"@id\":\"https:\\\/\\\/www.verdeil.ch\\\/cftem_nord\\\/musee-de-la-main\\\/\",\"url\":\"https:\\\/\\\/www.verdeil.ch\\\/cftem_nord\\\/musee-de-la-main\\\/\",\"name\":\"MUSEE DE LA MAIN - CF TEM Nord\",\"isPartOf\":{\"@id\":\"https:\\\/\\\/www.verdeil.ch\\\/cftem_nord\\\/#website\"},\"primaryImageOfPage\":{\"@id\":\"https:\\\/\\\/www.verdeil.ch\\\/cftem_nord\\\/musee-de-la-main\\\/#primaryimage\"},\"image\":{\"@id\":\"https:\\\/\\\/www.verdeil.ch\\\/cftem_nord\\\/musee-de-la-main\\\/#primaryimage\"},\"thumbnailUrl\":\"https:\\\/\\\/www.verdeil.ch\\\/cftem_nord\\\/wp-content\\\/uploads\\\/2020\\\/02\\\/IMG-20200207-WA0000-169x300.jpg\",\"datePublished\":\"2020-02-26T09:17:06+00:00\",\"dateModified\":\"2020-02-26T09:17:07+00:00\",\"breadcrumb\":{\"@id\":\"https:\\\/\\\/www.verdeil.ch\\\/cftem_nord\\\/musee-de-la-main\\\/#breadcrumb\"},\"inLanguage\":\"fr-FR\",\"potentialAction\":[{\"@type\":\"ReadAction\",\"target\":[\"https:\\\/\\\/www.verdeil.ch\\\/cftem_nord\\\/musee-de-la-main\\\/\"]}]},{\"@type\":\"ImageObject\",\"inLanguage\":\"fr-FR\",\"@id\":\"https:\\\/\\\/www.verdeil.ch\\\/cftem_nord\\\/musee-de-la-main\\\/#primaryimage\",\"url\":\"https:\\\/\\\/www.verdeil.ch\\\/cftem_nord\\\/wp-content\\\/uploads\\\/2020\\\/02\\\/IMG-20200207-WA0000.jpg\",\"contentUrl\":\"https:\\\/\\\/www.verdeil.ch\\\/cftem_nord\\\/wp-content\\\/uploads\\\/2020\\\/02\\\/IMG-20200207-WA0000.jpg\",\"width\":1152,\"height\":2048},{\"@type\":\"BreadcrumbList\",\"@id\":\"https:\\\/\\\/www.verdeil.ch\\\/cftem_nord\\\/musee-de-la-main\\\/#breadcrumb\",\"itemListElement\":[{\"@type\":\"ListItem\",\"position\":1,\"name\":\"Accueil\",\"item\":\"https:\\\/\\\/www.verdeil.ch\\\/cftem_nord\\\/\"},{\"@type\":\"ListItem\",\"position\":2,\"name\":\"MUSEE DE LA MAIN\"}]},{\"@type\":\"WebSite\",\"@id\":\"https:\\\/\\\/www.verdeil.ch\\\/cftem_nord\\\/#website\",\"url\":\"https:\\\/\\\/www.verdeil.ch\\\/cftem_nord\\\/\",\"name\":\"CF TEM Nord\",\"description\":\"Fondation de Verdeil\",\"publisher\":{\"@id\":\"https:\\\/\\\/www.verdeil.ch\\\/cftem_nord\\\/#organization\"},\"potentialAction\":[{\"@type\":\"SearchAction\",\"target\":{\"@type\":\"EntryPoint\",\"urlTemplate\":\"https:\\\/\\\/www.verdeil.ch\\\/cftem_nord\\\/?s={search_term_string}\"},\"query-input\":{\"@type\":\"PropertyValueSpecification\",\"valueRequired\":true,\"valueName\":\"search_term_string\"}}],\"inLanguage\":\"fr-FR\"},{\"@type\":\"Organization\",\"@id\":\"https:\\\/\\\/www.verdeil.ch\\\/cftem_nord\\\/#organization\",\"name\":\"CFTEM nord\",\"url\":\"https:\\\/\\\/www.verdeil.ch\\\/cftem_nord\\\/\",\"logo\":{\"@type\":\"ImageObject\",\"inLanguage\":\"fr-FR\",\"@id\":\"https:\\\/\\\/www.verdeil.ch\\\/cftem_nord\\\/#\\\/schema\\\/logo\\\/image\\\/\",\"url\":\"https:\\\/\\\/www.verdeil.ch\\\/cftem_nord\\\/wp-content\\\/uploads\\\/2017\\\/11\\\/logo-cftemnord.jpg\",\"contentUrl\":\"https:\\\/\\\/www.verdeil.ch\\\/cftem_nord\\\/wp-content\\\/uploads\\\/2017\\\/11\\\/logo-cftemnord.jpg\",\"width\":106,\"height\":114,\"caption\":\"CFTEM nord\"},\"image\":{\"@id\":\"https:\\\/\\\/www.verdeil.ch\\\/cftem_nord\\\/#\\\/schema\\\/logo\\\/image\\\/\"}},{\"@type\":\"Person\",\"@id\":\"https:\\\/\\\/www.verdeil.ch\\\/cftem_nord\\\/#\\\/schema\\\/person\\\/79aeafe1a330719b07a74380c02e279b\",\"name\":\"Sheila Camacho\",\"image\":{\"@type\":\"ImageObject\",\"inLanguage\":\"fr-FR\",\"@id\":\"https:\\\/\\\/secure.gravatar.com\\\/avatar\\\/79991e6aeb34c3c7a21c8ccc1ab2af427e3f26ec5938913169a1be8d473fa3a2?s=96&d=mm&r=g\",\"url\":\"https:\\\/\\\/secure.gravatar.com\\\/avatar\\\/79991e6aeb34c3c7a21c8ccc1ab2af427e3f26ec5938913169a1be8d473fa3a2?s=96&d=mm&r=g\",\"contentUrl\":\"https:\\\/\\\/secure.gravatar.com\\\/avatar\\\/79991e6aeb34c3c7a21c8ccc1ab2af427e3f26ec5938913169a1be8d473fa3a2?s=96&d=mm&r=g\",\"caption\":\"Sheila Camacho\"},\"url\":\"https:\\\/\\\/www.verdeil.ch\\\/cftem_nord\\\/author\\\/sheila-camacho\\\/\"}]}<\/script>\n<!-- \/ Yoast SEO plugin. -->","yoast_head_json":{"title":"MUSEE DE LA MAIN - CF TEM Nord","robots":{"index":"index","follow":"follow","max-snippet":"max-snippet:-1","max-image-preview":"max-image-preview:large","max-video-preview":"max-video-preview:-1"},"canonical":"https:\/\/www.verdeil.ch\/cftem_nord\/musee-de-la-main\/","og_locale":"fr_FR","og_type":"article","og_title":"MUSEE DE LA MAIN - CF TEM Nord","og_description":"Le mardi 4 f\u00e9vrier, nous sommes all\u00e9s au Mus\u00e9e de la main \u00e0 Lausanne. L&rsquo;expos\u00e9 \u00e9tait sur le th\u00e8me de l&rsquo;odorat !!Dans cette exp\u00e9rience, nous &hellip;","og_url":"https:\/\/www.verdeil.ch\/cftem_nord\/musee-de-la-main\/","og_site_name":"CF TEM Nord","article_published_time":"2020-02-26T09:17:06+00:00","article_modified_time":"2020-02-26T09:17:07+00:00","og_image":[{"url":"https:\/\/www.verdeil.ch\/cftem_nord\/wp-content\/uploads\/2020\/02\/IMG-20200207-WA0000-169x300.jpg","type":"","width":"","height":""}],"author":"Sheila Camacho","twitter_card":"summary_large_image","twitter_misc":{"\u00c9crit par":"Sheila Camacho"},"schema":{"@context":"https:\/\/schema.org","@graph":[{"@type":"Article","@id":"https:\/\/www.verdeil.ch\/cftem_nord\/musee-de-la-main\/#article","isPartOf":{"@id":"https:\/\/www.verdeil.ch\/cftem_nord\/musee-de-la-main\/"},"author":{"name":"Sheila Camacho","@id":"https:\/\/www.verdeil.ch\/cftem_nord\/#\/schema\/person\/79aeafe1a330719b07a74380c02e279b"},"headline":"MUSEE DE LA MAIN","datePublished":"2020-02-26T09:17:06+00:00","dateModified":"2020-02-26T09:17:07+00:00","mainEntityOfPage":{"@id":"https:\/\/www.verdeil.ch\/cftem_nord\/musee-de-la-main\/"},"wordCount":80,"commentCount":0,"publisher":{"@id":"https:\/\/www.verdeil.ch\/cftem_nord\/#organization"},"image":{"@id":"https:\/\/www.verdeil.ch\/cftem_nord\/musee-de-la-main\/#primaryimage"},"thumbnailUrl":"https:\/\/www.verdeil.ch\/cftem_nord\/wp-content\/uploads\/2020\/02\/IMG-20200207-WA0000-169x300.jpg","articleSection":["Archives"],"inLanguage":"fr-FR","potentialAction":[{"@type":"CommentAction","name":"Comment","target":["https:\/\/www.verdeil.ch\/cftem_nord\/musee-de-la-main\/#respond"]}]},{"@type":"WebPage","@id":"https:\/\/www.verdeil.ch\/cftem_nord\/musee-de-la-main\/","url":"https:\/\/www.verdeil.ch\/cftem_nord\/musee-de-la-main\/","name":"MUSEE DE LA MAIN - CF TEM Nord","isPartOf":{"@id":"https:\/\/www.verdeil.ch\/cftem_nord\/#website"},"primaryImageOfPage":{"@id":"https:\/\/www.verdeil.ch\/cftem_nord\/musee-de-la-main\/#primaryimage"},"image":{"@id":"https:\/\/www.verdeil.ch\/cftem_nord\/musee-de-la-main\/#primaryimage"},"thumbnailUrl":"https:\/\/www.verdeil.ch\/cftem_nord\/wp-content\/uploads\/2020\/02\/IMG-20200207-WA0000-169x300.jpg","datePublished":"2020-02-26T09:17:06+00:00","dateModified":"2020-02-26T09:17:07+00:00","breadcrumb":{"@id":"https:\/\/www.verdeil.ch\/cftem_nord\/musee-de-la-main\/#breadcrumb"},"inLanguage":"fr-FR","potentialAction":[{"@type":"ReadAction","target":["https:\/\/www.verdeil.ch\/cftem_nord\/musee-de-la-main\/"]}]},{"@type":"ImageObject","inLanguage":"fr-FR","@id":"https:\/\/www.verdeil.ch\/cftem_nord\/musee-de-la-main\/#primaryimage","url":"https:\/\/www.verdeil.ch\/cftem_nord\/wp-content\/uploads\/2020\/02\/IMG-20200207-WA0000.jpg","contentUrl":"https:\/\/www.verdeil.ch\/cftem_nord\/wp-content\/uploads\/2020\/02\/IMG-20200207-WA0000.jpg","width":1152,"height":2048},{"@type":"BreadcrumbList","@id":"https:\/\/www.verdeil.ch\/cftem_nord\/musee-de-la-main\/#breadcrumb","itemListElement":[{"@type":"ListItem","position":1,"name":"Accueil","item":"https:\/\/www.verdeil.ch\/cftem_nord\/"},{"@type":"ListItem","position":2,"name":"MUSEE DE LA MAIN"}]},{"@type":"WebSite","@id":"https:\/\/www.verdeil.ch\/cftem_nord\/#website","url":"https:\/\/www.verdeil.ch\/cftem_nord\/","name":"CF TEM Nord","description":"Fondation de Verdeil","publisher":{"@id":"https:\/\/www.verdeil.ch\/cftem_nord\/#organization"},"potentialAction":[{"@type":"SearchAction","target":{"@type":"EntryPoint","urlTemplate":"https:\/\/www.verdeil.ch\/cftem_nord\/?s={search_term_string}"},"query-input":{"@type":"PropertyValueSpecification","valueRequired":true,"valueName":"search_term_string"}}],"inLanguage":"fr-FR"},{"@type":"Organization","@id":"https:\/\/www.verdeil.ch\/cftem_nord\/#organization","name":"CFTEM nord","url":"https:\/\/www.verdeil.ch\/cftem_nord\/","logo":{"@type":"ImageObject","inLanguage":"fr-FR","@id":"https:\/\/www.verdeil.ch\/cftem_nord\/#\/schema\/logo\/image\/","url":"https:\/\/www.verdeil.ch\/cftem_nord\/wp-content\/uploads\/2017\/11\/logo-cftemnord.jpg","contentUrl":"https:\/\/www.verdeil.ch\/cftem_nord\/wp-content\/uploads\/2017\/11\/logo-cftemnord.jpg","width":106,"height":114,"caption":"CFTEM nord"},"image":{"@id":"https:\/\/www.verdeil.ch\/cftem_nord\/#\/schema\/logo\/image\/"}},{"@type":"Person","@id":"https:\/\/www.verdeil.ch\/cftem_nord\/#\/schema\/person\/79aeafe1a330719b07a74380c02e279b","name":"Sheila Camacho","image":{"@type":"ImageObject","inLanguage":"fr-FR","@id":"https:\/\/secure.gravatar.com\/avatar\/79991e6aeb34c3c7a21c8ccc1ab2af427e3f26ec5938913169a1be8d473fa3a2?s=96&d=mm&r=g","url":"https:\/\/secure.gravatar.com\/avatar\/79991e6aeb34c3c7a21c8ccc1ab2af427e3f26ec5938913169a1be8d473fa3a2?s=96&d=mm&r=g","contentUrl":"https:\/\/secure.gravatar.com\/avatar\/79991e6aeb34c3c7a21c8ccc1ab2af427e3f26ec5938913169a1be8d473fa3a2?s=96&d=mm&r=g","caption":"Sheila Camacho"},"url":"https:\/\/www.verdeil.ch\/cftem_nord\/author\/sheila-camacho\/"}]}},"_links":{"self":[{"href":"https:\/\/www.verdeil.ch\/cftem_nord\/wp-json\/wp\/v2\/posts\/1255","targetHints":{"allow":["GET"]}}],"collection":[{"href":"https:\/\/www.verdeil.ch\/cftem_nord\/wp-json\/wp\/v2\/posts"}],"about":[{"href":"https:\/\/www.verdeil.ch\/cftem_nord\/wp-json\/wp\/v2\/types\/post"}],"author":[{"embeddable":true,"href":"https:\/\/www.verdeil.ch\/cftem_nord\/wp-json\/wp\/v2\/users\/15"}],"replies":[{"embeddable":true,"href":"https:\/\/www.verdeil.ch\/cftem_nord\/wp-json\/wp\/v2\/comments?post=1255"}],"version-history":[{"count":2,"href":"https:\/\/www.verdeil.ch\/cftem_nord\/wp-json\/wp\/v2\/posts\/1255\/revisions"}],"predecessor-version":[{"id":1261,"href":"https:\/\/www.verdeil.ch\/cftem_nord\/wp-json\/wp\/v2\/posts\/1255\/revisions\/1261"}],"wp:attachment":[{"href":"https:\/\/www.verdeil.ch\/cftem_nord\/wp-json\/wp\/v2\/media?parent=1255"}],"wp:term":[{"taxonomy":"category","embeddable":true,"href":"https:\/\/www.verdeil.ch\/cftem_nord\/wp-json\/wp\/v2\/categories?post=1255"},{"taxonomy":"post_tag","embeddable":true,"href":"https:\/\/www.verdeil.ch\/cftem_nord\/wp-json\/wp\/v2\/tags?post=1255"}],"curies":[{"name":"wp","href":"https:\/\/api.w.org\/{rel}","templated":true}]}}