{"id":3087,"date":"2019-12-11T09:07:13","date_gmt":"2019-12-11T08:07:13","guid":{"rendered":"https:\/\/www.verdeil.ch\/cftem_est\/?p=3087"},"modified":"2019-12-11T09:07:13","modified_gmt":"2019-12-11T08:07:13","slug":"toure-gbeli","status":"publish","type":"post","link":"https:\/\/www.verdeil.ch\/cftem_est\/?p=3087","title":{"rendered":"Tour\u00e9 Gb\u00e9li"},"content":{"rendered":"<div style=\"text-align: center\">\n<h3 style=\"color: #333300;background-color: mistyrose;padding: 15px;margin: 15px;border: 5px groove #ff6600;text-align: center\"><a href=\"http:\/\/www.verdeil.ch\/cftem_est\/wp-content\/uploads\/2018\/03\/Logo_de_Top-Chef.png\"><img loading=\"lazy\" decoding=\"async\" class=\"alignnone size-medium wp-image-1623\" src=\"http:\/\/www.verdeil.ch\/cftem_est\/wp-content\/uploads\/2018\/03\/Logo_de_Top-Chef-300x121.png\" alt=\"\" width=\"300\" height=\"121\" srcset=\"https:\/\/www.verdeil.ch\/cftem_est\/wp-content\/uploads\/2018\/03\/Logo_de_Top-Chef-300x121.png 300w, https:\/\/www.verdeil.ch\/cftem_est\/wp-content\/uploads\/2018\/03\/Logo_de_Top-Chef-768x309.png 768w, https:\/\/www.verdeil.ch\/cftem_est\/wp-content\/uploads\/2018\/03\/Logo_de_Top-Chef-1024x412.png 1024w, https:\/\/www.verdeil.ch\/cftem_est\/wp-content\/uploads\/2018\/03\/Logo_de_Top-Chef-945x380.png 945w\" sizes=\"auto, (max-width: 300px) 100vw, 300px\" \/><\/a><br \/>\nL&#8217;atelier cuisine de Jura8 vous pr\u00e9sente cette semaine:<br \/>\n<strong>Salade verte, mozzarella &#8211; Tour\u00e9 Gb\u00e9li &#8211; Cake au chocolat.<br \/>\n<\/strong><\/h3>\n<\/div>\n<p style=\"text-align: center\"><a href=\"https:\/\/www.verdeil.ch\/cftem_est\/wp-content\/uploads\/2019\/12\/toure-gberi04.jpg\"><img loading=\"lazy\" decoding=\"async\" class=\"alignnone size-medium wp-image-3200\" src=\"https:\/\/www.verdeil.ch\/cftem_est\/wp-content\/uploads\/2019\/12\/toure-gberi04-300x225.jpg\" alt=\"\" width=\"300\" height=\"225\" srcset=\"https:\/\/www.verdeil.ch\/cftem_est\/wp-content\/uploads\/2019\/12\/toure-gberi04-300x225.jpg 300w, https:\/\/www.verdeil.ch\/cftem_est\/wp-content\/uploads\/2019\/12\/toure-gberi04-768x576.jpg 768w, https:\/\/www.verdeil.ch\/cftem_est\/wp-content\/uploads\/2019\/12\/toure-gberi04-1024x768.jpg 1024w, https:\/\/www.verdeil.ch\/cftem_est\/wp-content\/uploads\/2019\/12\/toure-gberi04-507x380.jpg 507w, https:\/\/www.verdeil.ch\/cftem_est\/wp-content\/uploads\/2019\/12\/toure-gberi04.jpg 1280w\" sizes=\"auto, (max-width: 300px) 100vw, 300px\" \/><\/a><\/p>\n<table style=\"border: 4px double #7c0909;width: 562px;height: 150px;margin-left: auto;margin-right: auto\" border=\"2\" cellpadding=\"5\" align=\"center\">\n<tbody>\n<tr>\n<td style=\"width: 135px;border: 1px solid #000000;text-align: left;vertical-align: middle\"><strong>Ingr\u00e9dients pour 11 personnes :<\/strong><\/td>\n<td style=\"width: 135px;border: 1px solid #000000;text-align: left;vertical-align: middle\">2 aubergines<br \/>\n6 oignons<br \/>\n5 gousses d&#8217;ail<br \/>\n6 carottes<br \/>\n6 pommes-de-terre<br \/>\n1 litre de tomates concass\u00e9s<br \/>\n5 oignons en branche<br \/>\n4 cubes de bouillon<br \/>\nsel &#8211; poivre &#8211; laurier &#8211; piments<br \/>\n2200 gr. viande de boeuf<\/td>\n<\/tr>\n<tr>\n<td style=\"width: 135px;border: 1px solid #000000;text-align: left;vertical-align: middle\"><strong>Recette : <\/strong><\/td>\n<td style=\"width: 135px;border: 1px solid #000000;text-align: left;vertical-align: middle\">Temps de la pr\u00e9paration : 1h<\/td>\n<\/tr>\n<\/tbody>\n<\/table>\n<p><strong>\u00c9tape 1 :<br \/>\n<\/strong>Couper les l\u00e9gumes\u00a0: oignons, carottes, pommes de terre, ails, branches d\u2019oignons pays, aubergines, tomates.<\/p>\n<p><strong>\u00c9tape 2 :<br \/>\n<\/strong>Couper la viande en cube et l&#8217;assaisonner<br \/>\nChauffer la casserole avec de l\u2019huile d\u2019arachide, puis mettre la viande dedans.<\/p>\n<p><strong>\u00c9tape 3 :<br \/>\n<\/strong>Laisser la viande mijoter avec les oignons, puis ajouter les tomates pel\u00e9es Laisser mijoter quelques minutes<\/p>\n<p><strong>\u00c9tape 4 :<br \/>\n<\/strong>Ajouter les carottes, pommes de terre, ail, branches d\u2019oignons pays, aubergine, tomates<br \/>\nAssaisonner la sauce en fonction du go\u00fbt<\/p>\n<p><strong>\u00c9tape 5 :<br \/>\n<\/strong>Couper les piments et les ajouter \u00e0 la mixture<\/p>\n<p><strong>\u00c9tape 5 :<br \/>\n<\/strong><\/p>\n<p>Pr\u00e9parer le riz et servir une fois cuit<\/p>\n<blockquote style=\"background: #d00021\">\n<p style=\"text-align: right\"><strong><em><span style=\"font-size: 10pt\"><span style=\"color: #ffffff\">Je vous recommande cette recette africaine \u00e0 faire chez vous.<br \/>\n<\/span><\/span><\/em><\/strong><\/p>\n<\/blockquote>\n<p style=\"text-align: right\"><span style=\"font-size: 10pt\"><em>Recette et texte d&#8217;Abdoulaye<\/em> <\/span><\/p>\n<table style=\"background-color: #000000;border: 4px double #950909;margin-left: auto;margin-right: auto\" border=\"2\" align=\"center\">\n<tbody>\n<tr style=\"border-color: #4d0c0c\">\n<td style=\"width: 280px;height: 250px;border: 1px solid #09e114;text-align: center\"><span style=\"color: #ffffff\"><strong><span style=\"font-size: 13px\"><a href=\"https:\/\/www.verdeil.ch\/cftem_est\/wp-content\/uploads\/2019\/12\/toure-gberi03.jpg\"><img loading=\"lazy\" decoding=\"async\" class=\"alignnone size-medium wp-image-3199\" src=\"https:\/\/www.verdeil.ch\/cftem_est\/wp-content\/uploads\/2019\/12\/toure-gberi03-300x225.jpg\" alt=\"\" width=\"300\" height=\"225\" srcset=\"https:\/\/www.verdeil.ch\/cftem_est\/wp-content\/uploads\/2019\/12\/toure-gberi03-300x225.jpg 300w, https:\/\/www.verdeil.ch\/cftem_est\/wp-content\/uploads\/2019\/12\/toure-gberi03-768x576.jpg 768w, https:\/\/www.verdeil.ch\/cftem_est\/wp-content\/uploads\/2019\/12\/toure-gberi03-1024x768.jpg 1024w, https:\/\/www.verdeil.ch\/cftem_est\/wp-content\/uploads\/2019\/12\/toure-gberi03-507x380.jpg 507w, https:\/\/www.verdeil.ch\/cftem_est\/wp-content\/uploads\/2019\/12\/toure-gberi03.jpg 1280w\" sizes=\"auto, (max-width: 300px) 100vw, 300px\" \/><\/a>riz avec viande de boeuf et sauce<br \/>\n<\/span><\/strong><\/span><\/td>\n<td style=\"width: 280px;height: 250px;border: 1px solid #09e114;text-align: center\"><span style=\"color: #ffffff\"><strong><span style=\"font-size: 13px\"><a href=\"https:\/\/www.verdeil.ch\/cftem_est\/wp-content\/uploads\/2019\/12\/maxresdefault.jpg\"><img loading=\"lazy\" decoding=\"async\" class=\"alignnone  wp-image-3180\" src=\"https:\/\/www.verdeil.ch\/cftem_est\/wp-content\/uploads\/2019\/12\/maxresdefault-300x252.jpg\" alt=\"\" width=\"237\" height=\"199\" srcset=\"https:\/\/www.verdeil.ch\/cftem_est\/wp-content\/uploads\/2019\/12\/maxresdefault-300x252.jpg 300w, https:\/\/www.verdeil.ch\/cftem_est\/wp-content\/uploads\/2019\/12\/maxresdefault-768x645.jpg 768w, https:\/\/www.verdeil.ch\/cftem_est\/wp-content\/uploads\/2019\/12\/maxresdefault-452x380.jpg 452w, https:\/\/www.verdeil.ch\/cftem_est\/wp-content\/uploads\/2019\/12\/maxresdefault.jpg 857w\" sizes=\"auto, (max-width: 237px) 100vw, 237px\" \/><\/a><br \/>\nles ingr\u00e9dients de la recette<br \/>\n<\/span><\/strong><\/span><\/td>\n<\/tr>\n<tr style=\"border-color: #4d0c0c\">\n<td style=\"width: 280px;height: 250px;border: 1px solid #09e114;text-align: center\"><span style=\"color: #ffffff\"><strong><span style=\"font-size: 13px\"><a href=\"https:\/\/www.verdeil.ch\/cftem_est\/wp-content\/uploads\/2019\/12\/toure-gberi02.jpg\"><img loading=\"lazy\" decoding=\"async\" class=\"alignnone size-medium wp-image-3198\" src=\"https:\/\/www.verdeil.ch\/cftem_est\/wp-content\/uploads\/2019\/12\/toure-gberi02-300x225.jpg\" alt=\"\" width=\"300\" height=\"225\" srcset=\"https:\/\/www.verdeil.ch\/cftem_est\/wp-content\/uploads\/2019\/12\/toure-gberi02-300x225.jpg 300w, https:\/\/www.verdeil.ch\/cftem_est\/wp-content\/uploads\/2019\/12\/toure-gberi02-768x576.jpg 768w, https:\/\/www.verdeil.ch\/cftem_est\/wp-content\/uploads\/2019\/12\/toure-gberi02-1024x768.jpg 1024w, https:\/\/www.verdeil.ch\/cftem_est\/wp-content\/uploads\/2019\/12\/toure-gberi02-507x380.jpg 507w, https:\/\/www.verdeil.ch\/cftem_est\/wp-content\/uploads\/2019\/12\/toure-gberi02.jpg 1280w\" sizes=\"auto, (max-width: 300px) 100vw, 300px\" \/><\/a>salade verte, tomates, mozarella<br \/>\n<\/span><\/strong><\/span><\/td>\n<td style=\"width: 280px;height: 250px;border: 1px solid #09e114;text-align: center\"><span style=\"color: #ffffff\"><strong><span style=\"font-size: 13px\"><a href=\"https:\/\/www.verdeil.ch\/cftem_est\/wp-content\/uploads\/2019\/12\/toure-gberi01.jpg\"><img loading=\"lazy\" decoding=\"async\" class=\"alignnone size-medium wp-image-3197\" src=\"https:\/\/www.verdeil.ch\/cftem_est\/wp-content\/uploads\/2019\/12\/toure-gberi01-300x225.jpg\" alt=\"\" width=\"300\" height=\"225\" srcset=\"https:\/\/www.verdeil.ch\/cftem_est\/wp-content\/uploads\/2019\/12\/toure-gberi01-300x225.jpg 300w, https:\/\/www.verdeil.ch\/cftem_est\/wp-content\/uploads\/2019\/12\/toure-gberi01-768x576.jpg 768w, https:\/\/www.verdeil.ch\/cftem_est\/wp-content\/uploads\/2019\/12\/toure-gberi01-1024x768.jpg 1024w, https:\/\/www.verdeil.ch\/cftem_est\/wp-content\/uploads\/2019\/12\/toure-gberi01-507x380.jpg 507w, https:\/\/www.verdeil.ch\/cftem_est\/wp-content\/uploads\/2019\/12\/toure-gberi01.jpg 1280w\" sizes=\"auto, (max-width: 300px) 100vw, 300px\" \/><\/a>cake au chocolat<br \/>\n<\/span><\/strong><\/span><\/td>\n<\/tr>\n<\/tbody>\n<\/table>\n<blockquote style=\"background: #d00021\">\n<p style=\"text-align: right\"><strong><em><span style=\"font-size: 10pt\"><span style=\"color: #ffffff\">J&#8217;ai pass\u00e9 une bonne journ\u00e9e, j&#8217;ai bien aim\u00e9 les recettes et je vous recommande de les faire.<br \/>\n<\/span><\/span><\/em><\/strong><\/p>\n<\/blockquote>\n<p style=\"text-align: right\"><span style=\"font-size: 10pt\"><em>Texte de Leart<\/em> <\/span><\/p>\n","protected":false},"excerpt":{"rendered":"<p>L&#8217;atelier cuisine de Jura8 vous pr\u00e9sente cette semaine: Salade verte, mozzarella &#8211; Tour\u00e9 Gb\u00e9li &#8211; Cake au chocolat. Ingr\u00e9dients pour 11 personnes : 2 aubergines 6 oignons 5 gousses d&#8217;ail 6 carottes 6 pommes-de-terre 1 litre de tomates concass\u00e9s 5 oignons en branche 4 cubes de bouillon sel &#8211; poivre &#8211; laurier &#8211; piments 2200 &hellip; <a href=\"https:\/\/www.verdeil.ch\/cftem_est\/?p=3087\" class=\"more-link\">Lire la suite <span class=\"screen-reader-text\">Tour\u00e9 Gb\u00e9li<\/span><\/a><\/p>\n","protected":false},"author":6,"featured_media":0,"comment_status":"open","ping_status":"open","sticky":false,"template":"","format":"standard","meta":{"footnotes":""},"categories":[11,27,7],"tags":[],"class_list":["post-3087","post","type-post","status-publish","format-standard","hentry","category-journal","category-activite-cuisine","category-jura-8","without-featured-image"],"jetpack_featured_media_url":"","_links":{"self":[{"href":"https:\/\/www.verdeil.ch\/cftem_est\/index.php?rest_route=\/wp\/v2\/posts\/3087","targetHints":{"allow":["GET"]}}],"collection":[{"href":"https:\/\/www.verdeil.ch\/cftem_est\/index.php?rest_route=\/wp\/v2\/posts"}],"about":[{"href":"https:\/\/www.verdeil.ch\/cftem_est\/index.php?rest_route=\/wp\/v2\/types\/post"}],"author":[{"embeddable":true,"href":"https:\/\/www.verdeil.ch\/cftem_est\/index.php?rest_route=\/wp\/v2\/users\/6"}],"replies":[{"embeddable":true,"href":"https:\/\/www.verdeil.ch\/cftem_est\/index.php?rest_route=%2Fwp%2Fv2%2Fcomments&post=3087"}],"version-history":[{"count":8,"href":"https:\/\/www.verdeil.ch\/cftem_est\/index.php?rest_route=\/wp\/v2\/posts\/3087\/revisions"}],"predecessor-version":[{"id":3205,"href":"https:\/\/www.verdeil.ch\/cftem_est\/index.php?rest_route=\/wp\/v2\/posts\/3087\/revisions\/3205"}],"wp:attachment":[{"href":"https:\/\/www.verdeil.ch\/cftem_est\/index.php?rest_route=%2Fwp%2Fv2%2Fmedia&parent=3087"}],"wp:term":[{"taxonomy":"category","embeddable":true,"href":"https:\/\/www.verdeil.ch\/cftem_est\/index.php?rest_route=%2Fwp%2Fv2%2Fcategories&post=3087"},{"taxonomy":"post_tag","embeddable":true,"href":"https:\/\/www.verdeil.ch\/cftem_est\/index.php?rest_route=%2Fwp%2Fv2%2Ftags&post=3087"}],"curies":[{"name":"wp","href":"https:\/\/api.w.org\/{rel}","templated":true}]}}