{"id":2725,"date":"2019-12-11T09:50:16","date_gmt":"2019-12-11T08:50:16","guid":{"rendered":"https:\/\/www.verdeil.ch\/cftem_est\/?p=2725"},"modified":"2019-12-11T09:50:16","modified_gmt":"2019-12-11T08:50:16","slug":"thiebouliene","status":"publish","type":"post","link":"https:\/\/www.verdeil.ch\/cftem_est\/?p=2725","title":{"rendered":"Thi\u00e9bouli\u00e8ne"},"content":{"rendered":"<div style=\"text-align: center\">\n<h3 style=\"color: #333300;background-color: mistyrose;padding: 15px;margin: 15px;border: 5px groove #ff6600\"><a href=\"http:\/\/www.verdeil.ch\/cftem_est\/wp-content\/uploads\/2018\/03\/Logo_de_Top-Chef.png\"><img loading=\"lazy\" decoding=\"async\" class=\"alignnone size-medium wp-image-1623\" src=\"http:\/\/www.verdeil.ch\/cftem_est\/wp-content\/uploads\/2018\/03\/Logo_de_Top-Chef-300x121.png\" alt=\"\" width=\"300\" height=\"121\" srcset=\"https:\/\/www.verdeil.ch\/cftem_est\/wp-content\/uploads\/2018\/03\/Logo_de_Top-Chef-300x121.png 300w, https:\/\/www.verdeil.ch\/cftem_est\/wp-content\/uploads\/2018\/03\/Logo_de_Top-Chef-768x309.png 768w, https:\/\/www.verdeil.ch\/cftem_est\/wp-content\/uploads\/2018\/03\/Logo_de_Top-Chef-1024x412.png 1024w, https:\/\/www.verdeil.ch\/cftem_est\/wp-content\/uploads\/2018\/03\/Logo_de_Top-Chef-945x380.png 945w\" sizes=\"auto, (max-width: 300px) 100vw, 300px\" \/><\/a><br \/>\nL&#8217;atelier cuisine de Jura8 vous pr\u00e9sente cette semaine:<br \/>\n<strong>Salade albanaise &#8211; Thi\u00e9boudi\u00e8ne &#8211; brownies aux noix.<br \/>\n<\/strong><\/h3>\n<\/div>\n<p style=\"text-align: center\"><a href=\"https:\/\/www.verdeil.ch\/cftem_est\/wp-content\/uploads\/2019\/12\/thieboudiene01.jpg\"><img loading=\"lazy\" decoding=\"async\" class=\"alignnone size-medium wp-image-3189\" src=\"https:\/\/www.verdeil.ch\/cftem_est\/wp-content\/uploads\/2019\/12\/thieboudiene01-300x225.jpg\" alt=\"\" width=\"300\" height=\"225\" srcset=\"https:\/\/www.verdeil.ch\/cftem_est\/wp-content\/uploads\/2019\/12\/thieboudiene01-300x225.jpg 300w, https:\/\/www.verdeil.ch\/cftem_est\/wp-content\/uploads\/2019\/12\/thieboudiene01-768x576.jpg 768w, https:\/\/www.verdeil.ch\/cftem_est\/wp-content\/uploads\/2019\/12\/thieboudiene01-1024x768.jpg 1024w, https:\/\/www.verdeil.ch\/cftem_est\/wp-content\/uploads\/2019\/12\/thieboudiene01-507x380.jpg 507w\" sizes=\"auto, (max-width: 300px) 100vw, 300px\" \/><\/a><\/p>\n<table style=\"border: 4px double #7c0909;width: 562px;height: 150px;margin-left: auto;margin-right: auto\" border=\"2\" cellpadding=\"5\" align=\"center\">\n<tbody>\n<tr>\n<td style=\"width: 135px;border: 1px solid #000000;text-align: left;vertical-align: middle\"><strong>Ingr\u00e9dients pour 5 personnes :<\/strong><\/td>\n<td style=\"width: 135px;border: 1px solid #000000;text-align: left;vertical-align: middle\">\n<p style=\"text-align: center\">1 bouquet de persil<br \/>\n2 piments rouges<br \/>\n5 gousses d&#8217;ail<br \/>\n1,5 oignons<br \/>\n4 tomates<br \/>\n4 carottes<br \/>\n2 aubergines<br \/>\n1\/4 de chou blanc<br \/>\n1 patate douce<br \/>\nconcentr\u00e9 de tomate<br \/>\ncube de bouillon de l\u00e9gumes<br \/>\n3 dorades royales<br \/>\n500 gr de riz<br \/>\nsel &#8211; poivre &#8211; laurier &#8211; piments &#8211; huile d&#8217;arachide<\/p>\n<\/td>\n<\/tr>\n<tr>\n<td style=\"width: 135px;border: 1px solid #000000;text-align: left;vertical-align: middle\"><strong>Recette : <\/strong><\/td>\n<td style=\"width: 135px;border: 1px solid #000000;text-align: left;vertical-align: middle\">Temps de la pr\u00e9paration : 1h30 \u00e0 2h<\/td>\n<\/tr>\n<\/tbody>\n<\/table>\n<p><strong>\u00c9tape 1 :<br \/>\n<\/strong>Pr\u00e9parer le poisson : gratter le poisson, couper la queue, puis enlever les yeux, le fois, l&#8217;estomac<br \/>\nCouper en deux le poisson<br \/>\nH\u00e2ch\u00e9 le persil, les gousses d&#8217;ail et les 2 piments<br \/>\nAjouter une pince de sel et mettre les ingr\u00e9dients dans le poisson<br \/>\nMettre de l&#8217;huile dans une casserole puis frire le poisson<\/p>\n<p><strong>\u00c9tape 2 :<br \/>\n<\/strong>Peler et couper en cube:\u00a0 aubergines, chou blanc, patate douce<br \/>\nH\u00e2ch\u00e9 les oignons et les gousses d&#8217;ail<br \/>\nCouper les carottes en tronc<br \/>\nDans une casserole faire revenir les oignons et les gousses d&#8217;ail<br \/>\nMettre les tomates et 4 cuill\u00e8res de concentr\u00e9 de tomate dans une casserole<br \/>\nLaisser mijoter 10 minutes \u00e0 feu doux<\/p>\n<p><strong>\u00c9tape 3 :<br \/>\n<\/strong>Ajouter : 1 cube de bouillon de l\u00e9gumes, 6 feuilles de laurier, 2 tasses d&#8217;eau<br \/>\nTout remuer<br \/>\nAjouter l&#8217;assaisonnement et ajouter tous les l\u00e9gumes coup\u00e9s dans la casserole<br \/>\nLaisser mijoter 20 minutes<\/p>\n<p><strong>\u00c9tape 4 :<br \/>\n<\/strong>Mettre dans la m\u00eame casserole le poisson<br \/>\nLaisser mijoter 10 minutes<\/p>\n<p><strong>\u00c9tape 5 :<br \/>\n<\/strong>Enlever les l\u00e9gumes et le poisson quand c&#8217;est cuit<\/p>\n<p style=\"text-align: left\"><strong>\u00c9tape 6 :<br \/>\n<\/strong>Dans la m\u00eame casserole ajouter 3 tasses d&#8217;eau<br \/>\nLaver 500 gr de riz, puis mettre dans la casserole<br \/>\nBien m\u00e9langer<\/p>\n<blockquote style=\"background: #d00021\">\n<p style=\"text-align: right\"><strong><em><span style=\"font-size: 10pt\"><span style=\"color: #ffffff\">Je suis fier du r\u00e9sultat de mon plat s\u00e9n\u00e9galais.<br \/>\n<\/span><\/span><\/em><\/strong><\/p>\n<\/blockquote>\n<p style=\"text-align: right\"><span style=\"font-size: 10pt\"><em>Recette et texte d&#8217;Abdoulaye<\/em> <\/span><\/p>\n<table style=\"background-color: #000000;border: 4px double #950909;margin-left: auto;margin-right: auto\" border=\"2\" align=\"center\">\n<tbody>\n<tr style=\"border-color: #4d0c0c\">\n<td style=\"width: 280px;height: 250px;border: 1px solid #09e114;text-align: center\"><span style=\"color: #ffffff\"><strong><span style=\"font-size: 13px\"><a href=\"https:\/\/www.verdeil.ch\/cftem_est\/wp-content\/uploads\/2019\/12\/thieboudiene03.jpg\"><img loading=\"lazy\" decoding=\"async\" class=\"alignnone size-medium wp-image-3191\" src=\"https:\/\/www.verdeil.ch\/cftem_est\/wp-content\/uploads\/2019\/12\/thieboudiene03-300x225.jpg\" alt=\"\" width=\"300\" height=\"225\" srcset=\"https:\/\/www.verdeil.ch\/cftem_est\/wp-content\/uploads\/2019\/12\/thieboudiene03-300x225.jpg 300w, https:\/\/www.verdeil.ch\/cftem_est\/wp-content\/uploads\/2019\/12\/thieboudiene03-768x576.jpg 768w, https:\/\/www.verdeil.ch\/cftem_est\/wp-content\/uploads\/2019\/12\/thieboudiene03-1024x768.jpg 1024w, https:\/\/www.verdeil.ch\/cftem_est\/wp-content\/uploads\/2019\/12\/thieboudiene03-507x380.jpg 507w\" sizes=\"auto, (max-width: 300px) 100vw, 300px\" \/><\/a>Dorade avec riz et m\u00e9lange de l\u00e9gumes<br \/>\n<\/span><\/strong><\/span><\/td>\n<td style=\"width: 280px;height: 250px;border: 1px solid #09e114;text-align: center\"><span style=\"color: #ffffff\"><strong><span style=\"font-size: 13px\"><a href=\"https:\/\/www.verdeil.ch\/cftem_est\/wp-content\/uploads\/2019\/12\/thieboudiene09.jpg\"><img loading=\"lazy\" decoding=\"async\" class=\"alignnone size-medium wp-image-3194\" src=\"https:\/\/www.verdeil.ch\/cftem_est\/wp-content\/uploads\/2019\/12\/thieboudiene09-300x225.jpg\" alt=\"\" width=\"300\" height=\"225\" srcset=\"https:\/\/www.verdeil.ch\/cftem_est\/wp-content\/uploads\/2019\/12\/thieboudiene09-300x225.jpg 300w, https:\/\/www.verdeil.ch\/cftem_est\/wp-content\/uploads\/2019\/12\/thieboudiene09-768x576.jpg 768w, https:\/\/www.verdeil.ch\/cftem_est\/wp-content\/uploads\/2019\/12\/thieboudiene09-1024x768.jpg 1024w, https:\/\/www.verdeil.ch\/cftem_est\/wp-content\/uploads\/2019\/12\/thieboudiene09-507x380.jpg 507w, https:\/\/www.verdeil.ch\/cftem_est\/wp-content\/uploads\/2019\/12\/thieboudiene09.jpg 1280w\" sizes=\"auto, (max-width: 300px) 100vw, 300px\" \/><\/a>riz cuit dans la sauce des l\u00e9gumes et du poisson<br \/>\n<\/span><\/strong><\/span><\/td>\n<\/tr>\n<tr style=\"border-color: #4d0c0c\">\n<td style=\"width: 280px;height: 250px;border: 1px solid #09e114;text-align: center\"><span style=\"color: #ffffff\"><strong><span style=\"font-size: 13px\"><a href=\"https:\/\/www.verdeil.ch\/cftem_est\/wp-content\/uploads\/2019\/12\/thieboudiene08.jpg\"><img loading=\"lazy\" decoding=\"async\" class=\"alignnone size-medium wp-image-3193\" src=\"https:\/\/www.verdeil.ch\/cftem_est\/wp-content\/uploads\/2019\/12\/thieboudiene08-300x225.jpg\" alt=\"\" width=\"300\" height=\"225\" srcset=\"https:\/\/www.verdeil.ch\/cftem_est\/wp-content\/uploads\/2019\/12\/thieboudiene08-300x225.jpg 300w, https:\/\/www.verdeil.ch\/cftem_est\/wp-content\/uploads\/2019\/12\/thieboudiene08-768x576.jpg 768w, https:\/\/www.verdeil.ch\/cftem_est\/wp-content\/uploads\/2019\/12\/thieboudiene08-1024x768.jpg 1024w, https:\/\/www.verdeil.ch\/cftem_est\/wp-content\/uploads\/2019\/12\/thieboudiene08-507x380.jpg 507w, https:\/\/www.verdeil.ch\/cftem_est\/wp-content\/uploads\/2019\/12\/thieboudiene08.jpg 1280w\" sizes=\"auto, (max-width: 300px) 100vw, 300px\" \/><\/a>salade \u00e0 la fa\u00e7on albanaise<br \/>\n<\/span><\/strong><\/span><\/td>\n<td style=\"width: 280px;height: 250px;border: 1px solid #09e114;text-align: center\"><span style=\"color: #ffffff\"><strong><span style=\"font-size: 13px\"><a href=\"https:\/\/www.verdeil.ch\/cftem_est\/wp-content\/uploads\/2019\/12\/thieboudiene05.jpg\"><img loading=\"lazy\" decoding=\"async\" class=\"alignnone size-medium wp-image-3192\" src=\"https:\/\/www.verdeil.ch\/cftem_est\/wp-content\/uploads\/2019\/12\/thieboudiene05-300x225.jpg\" alt=\"\" width=\"300\" height=\"225\" srcset=\"https:\/\/www.verdeil.ch\/cftem_est\/wp-content\/uploads\/2019\/12\/thieboudiene05-300x225.jpg 300w, https:\/\/www.verdeil.ch\/cftem_est\/wp-content\/uploads\/2019\/12\/thieboudiene05-768x576.jpg 768w, https:\/\/www.verdeil.ch\/cftem_est\/wp-content\/uploads\/2019\/12\/thieboudiene05-1024x768.jpg 1024w, https:\/\/www.verdeil.ch\/cftem_est\/wp-content\/uploads\/2019\/12\/thieboudiene05-507x380.jpg 507w\" sizes=\"auto, (max-width: 300px) 100vw, 300px\" \/><\/a>brownies aux noix<br \/>\n<\/span><\/strong><\/span><\/td>\n<\/tr>\n<\/tbody>\n<\/table>\n<blockquote style=\"background: #d00021\">\n<p style=\"text-align: right\"><strong><em><span style=\"font-size: 10pt\"><span style=\"color: #ffffff\">J&#8217;ai bien aim\u00e9 faire ces recettes car cela prend peu de temps et c&#8217;est d\u00e9licieux.<br \/>\n<\/span><\/span><\/em><\/strong><\/p>\n<\/blockquote>\n<p style=\"text-align: right\"><span style=\"font-size: 10pt\"><em>Texte de Leart<\/em> <\/span><\/p>\n","protected":false},"excerpt":{"rendered":"<p>L&#8217;atelier cuisine de Jura8 vous pr\u00e9sente cette semaine: Salade albanaise &#8211; Thi\u00e9boudi\u00e8ne &#8211; brownies aux noix. Ingr\u00e9dients pour 5 personnes : 1 bouquet de persil 2 piments rouges 5 gousses d&#8217;ail 1,5 oignons 4 tomates 4 carottes 2 aubergines 1\/4 de chou blanc 1 patate douce concentr\u00e9 de tomate cube de bouillon de l\u00e9gumes 3 &hellip; <a href=\"https:\/\/www.verdeil.ch\/cftem_est\/?p=2725\" class=\"more-link\">Lire la suite <span class=\"screen-reader-text\">Thi\u00e9bouli\u00e8ne<\/span><\/a><\/p>\n","protected":false},"author":6,"featured_media":0,"comment_status":"open","ping_status":"open","sticky":false,"template":"","format":"standard","meta":{"footnotes":""},"categories":[11,27,7],"tags":[],"class_list":["post-2725","post","type-post","status-publish","format-standard","hentry","category-journal","category-activite-cuisine","category-jura-8","without-featured-image"],"jetpack_featured_media_url":"","_links":{"self":[{"href":"https:\/\/www.verdeil.ch\/cftem_est\/index.php?rest_route=\/wp\/v2\/posts\/2725","targetHints":{"allow":["GET"]}}],"collection":[{"href":"https:\/\/www.verdeil.ch\/cftem_est\/index.php?rest_route=\/wp\/v2\/posts"}],"about":[{"href":"https:\/\/www.verdeil.ch\/cftem_est\/index.php?rest_route=\/wp\/v2\/types\/post"}],"author":[{"embeddable":true,"href":"https:\/\/www.verdeil.ch\/cftem_est\/index.php?rest_route=\/wp\/v2\/users\/6"}],"replies":[{"embeddable":true,"href":"https:\/\/www.verdeil.ch\/cftem_est\/index.php?rest_route=%2Fwp%2Fv2%2Fcomments&post=2725"}],"version-history":[{"count":27,"href":"https:\/\/www.verdeil.ch\/cftem_est\/index.php?rest_route=\/wp\/v2\/posts\/2725\/revisions"}],"predecessor-version":[{"id":3208,"href":"https:\/\/www.verdeil.ch\/cftem_est\/index.php?rest_route=\/wp\/v2\/posts\/2725\/revisions\/3208"}],"wp:attachment":[{"href":"https:\/\/www.verdeil.ch\/cftem_est\/index.php?rest_route=%2Fwp%2Fv2%2Fmedia&parent=2725"}],"wp:term":[{"taxonomy":"category","embeddable":true,"href":"https:\/\/www.verdeil.ch\/cftem_est\/index.php?rest_route=%2Fwp%2Fv2%2Fcategories&post=2725"},{"taxonomy":"post_tag","embeddable":true,"href":"https:\/\/www.verdeil.ch\/cftem_est\/index.php?rest_route=%2Fwp%2Fv2%2Ftags&post=2725"}],"curies":[{"name":"wp","href":"https:\/\/api.w.org\/{rel}","templated":true}]}}